{"id":1188,"date":"2019-01-03T22:00:00","date_gmt":"2019-01-03T22:00:00","guid":{"rendered":"https:\/\/money2022.localhost\/novinky-a-tipy\/jake-zmeny-firmam-prinese-rok-2019\/"},"modified":"2023-02-01T15:08:15","modified_gmt":"2023-02-01T14:08:15","slug":"jake-zmeny-firmam-prinese-rok-2019","status":"publish","type":"post","link":"https:\/\/money.cz\/novinky-a-tipy\/podnikani\/jake-zmeny-firmam-prinese-rok-2019\/","title":{"rendered":"Jak\u00e9 zm\u011bny firm\u00e1m p\u0159inese rok 2019"},"content":{"rendered":"<h2>Za\u010d\u00e1tek zb\u00fdvaj\u00edc\u00edch vln EET<\/h2>\n<p>Loni vypadalo, \u017ee po mnoha odkladech za\u010dne t\u0159et\u00ed a \u010dtvrt\u00e1 vlna EET platit od l\u00e9ta 2019.<\/p>\n<p>Vztahuje se nap\u0159\u00edklad na:<\/p>\n<ul>\n<li>zem\u011bd\u011blce,<\/li>\n<li>dopravce,<\/li>\n<li>v\u00fdrobce,<\/li>\n<li>\u0159emesln\u00edky<\/li>\n<li>a p\u0159\u00edslu\u0161n\u00edky svobodn\u00fdch povol\u00e1n\u00ed.<\/li>\n<\/ul>\n<p>Poslanci ale v roce 2018 <strong>nestihli novelu projednat<\/strong>, a proto zat\u00edm nen\u00ed jasn\u00e9, jestli dal\u0161\u00ed vlny za\u010dnou platit v z\u00e1v\u011bru roku 2019, nebo a\u017e v roce 2020.<\/p>\n<p>Sou\u010d\u00e1st\u00ed n\u00e1vrhu je i off-line re\u017eim pro mal\u00e9 podnikatele. Ti by <strong>nepot\u0159ebovali internet<\/strong>, ale tr\u017eby by evidovali na pap\u00edrov\u00e9 \u00fa\u010dtenky s unik\u00e1tn\u00edm k\u00f3dem, kter\u00e9 by dostali od st\u00e1tu. Podle n\u011bkter\u00fdch to p\u0159inese podnikatel\u016fm \u00falevu, podle jin\u00fdch jen dal\u0161\u00ed administrativn\u00ed z\u00e1t\u011b\u017e.<\/p>\n<h2>Sn\u00ed\u017een\u00ed DPH<\/h2>\n<p>Sou\u010d\u00e1st\u00ed novely z\u00e1kona o EET je i sn\u00ed\u017een\u00ed DPH v sektoru stravov\u00e1n\u00ed, n\u011bkter\u00fdch \u0159emesln\u00fdch a odborn\u00fdch slu\u017eeb, vodn\u00e9ho a sto\u010dn\u00e9ho. DPH m\u00e1 <strong>z 21 na 10 procent<\/strong> klesnout u to\u010den\u00e9ho piva, kade\u0159nick\u00fdch a holi\u010dsk\u00fdch slu\u017eeb nebo oprav j\u00edzdn\u00edch kol, obuvi a od\u011bv\u016f. Zm\u011bny za\u010dnou platit nejd\u0159\u00edve na konci roku.<\/p>\n<h2>Da\u0148 z p\u0159\u00edjmu a uznatelnost v\u00fdp\u016fj\u010dn\u00edch v\u00fddaj\u016f<\/h2>\n<p>Aby firmy nadm\u011brn\u011b nesni\u017eovaly sv\u016fj da\u0148ov\u00fd z\u00e1klad o <strong>n\u00e1klady na p\u016fj\u010dky od spole\u010dnost\u00ed z vlastn\u00ed skupiny<\/strong>, st\u00e1t uprav\u00ed uznatelnost v\u00fdp\u016fj\u010dn\u00edch v\u00fddaj\u016f. Omez\u00ed je do v\u00fd\u0161e 80 milion\u016f korun nebo 30 procent da\u0148ov\u00e9 EBITDA (zisk p\u0159ed zapo\u010dten\u00edm dan\u00ed, odpis\u016f a \u00farok\u016f). Neuznateln\u00e9 v\u00fdp\u016fj\u010dn\u00ed v\u00fddaje si firmy mohou p\u0159ev\u00e9st do dal\u0161\u00edch obdob\u00ed.<\/p>\n<p>Zm\u011bna se tak\u00e9 t\u00fdk\u00e1 zdan\u011bn\u00ed p\u0159i p\u0159em\u00edst\u011bn\u00ed majetku bez zm\u011bny vlastn\u00edka. Pokud tedy spole\u010dnost <strong>p\u0159esune majetek do zahrani\u010d\u00ed<\/strong> a \u010cesk\u00e1 republika by v d\u016fsledku toho ztratila pr\u00e1vo danit p\u0159\u00edjem z budouc\u00edho prodeje tohoto majetku, bude se na tuto \u010dinnost vztahovat da\u0148. Ob\u011b zm\u011bny m\u011bly za\u010d\u00edt platit u\u017e letos, ale pravd\u011bpodobn\u011b se jimi budete muset \u0159\u00eddit a\u017e od roku 2020.<\/p>\n<h2>\u00dapravy v z\u00e1kon\u00edku pr\u00e1ce<\/h2>\n<p>Pro v\u0161echny zam\u011bstnavatele jsou d\u016fle\u017eit\u00e9 pl\u00e1novan\u00e9 zm\u011bny v z\u00e1kon\u00edku pr\u00e1ce. Maj\u00ed obsahovat nov\u00fd mechanismus valorizace minim\u00e1ln\u00ed mzdy a podm\u00ednky pro stanoven\u00ed nejni\u017e\u0161\u00edch \u00farovn\u00ed zaru\u010den\u00e9 mzdy. \u00dapravy se budou t\u00fdkat i do\u010dasn\u00e9ho p\u0159id\u011blen\u00ed zam\u011bstnance k jin\u00e9mu zam\u011bstnavateli, <strong>n\u00e1vratu do zam\u011bstn\u00e1n\u00ed po rodi\u010dovsk\u00e9 dovolen\u00e9<\/strong> a dohod mimo pracovn\u00ed pom\u011br.<\/p>\n<p>D\u00e1l politici diskutuj\u00ed o nov\u00e9 definici v\u00edcesm\u011bnn\u00e9ho re\u017eimu, <strong>o zm\u011bn\u011b dovolen\u00fdc<\/strong>h a sd\u00edlen\u00fdch pracovn\u00edch m\u00edstech. N\u011bkter\u00e9 zm\u011bny mohou za\u010d\u00edt platit u\u017e letos, v\u011bt\u0161ina pak v roce 2020.<\/p>\n<h2>Novinky v insolvenc\u00edch<\/h2>\n<p>V pl\u00e1nu je tak\u00e9 novelizace insolven\u010dn\u00edho z\u00e1kona, kter\u00e1 se dotkne v\u0161ech podnikatel\u016f, kte\u0159\u00ed zam\u011bstn\u00e1vaj\u00ed pracovn\u00edky v insolvenci. Pravd\u011bpodobn\u011b dojde k <strong>\u00faprav\u00e1m sr\u00e1\u017eek ze mzdy<\/strong>.<\/p>\n<p>Nov\u011b m\u00e1 z\u00e1kon chr\u00e1nit dlu\u017en\u00edky, aby nep\u0159i\u0161li o bydlen\u00ed. \u010clov\u011bk v osobn\u00edm bankrotu nebude muset prodat sv\u016fj byt \u010di d\u016fm, pokud jeho hodnota nep\u0159esahuje n\u00e1sobek \u010d\u00e1stky k zaji\u0161t\u011bn\u00ed obydl\u00ed v m\u00edst\u011b jeho bydli\u0161t\u011b. Aktualizovan\u00e1 pravidla tak\u00e9 <strong>uprav\u00ed insolvenci u OSV\u010c<\/strong>. Novela m\u016f\u017ee za\u010d\u00edt platit je\u0161t\u011b letos, ale nejsp\u00ed\u0161 to bude a\u017e v roce 2020.<\/p>\n<h2>Velk\u00e9 zm\u011bny ve stavebnictv\u00ed<\/h2>\n<p>Nov\u00fd stavebn\u00ed z\u00e1kon m\u00e1 sice nab\u00fdt \u00fa\u010dinnosti a\u017e na ja\u0159e 2023, ale pro v\u0161echny v oboru je d\u016fle\u017eit\u00e9 ji\u017e nyn\u00ed v\u011bd\u011bt, co se chyst\u00e1. Ministerstvo pro m\u00edstn\u00ed rozvoj pl\u00e1nuje odd\u011blen\u00ed propojen\u00e9ho modelu st\u00e1tn\u00ed spr\u00e1vy a m\u00edstn\u00ed samospr\u00e1vy. Stavby by m\u011bl povolovat pouze st\u00e1tn\u00ed stavebn\u00ed \u00fa\u0159ad \u2013 d\u00edky tomu by stavebn\u00edk\u016fm <strong>sta\u010dilo jen jedno raz\u00edtko<\/strong>. V\u0161e m\u00e1 usnadnit i digitalizace.<\/p>\n<p>V z\u00e1kon\u011b se tak\u00e9 po\u010d\u00edt\u00e1 se zakotven\u00edm <strong>principu \u201ejednou a dost\u201c<\/strong>, co\u017e znamen\u00e1, \u017ee ka\u017edou p\u0159ipom\u00ednku je mo\u017en\u00e9 vzn\u00e9st pouze jednou.<\/p>\n","protected":false},"excerpt":{"rendered":"<p>Za\u010d\u00e1tek zb\u00fdvaj\u00edc\u00edch vln EET Loni vypadalo, \u017ee po mnoha odkladech za\u010dne t\u0159et\u00ed a \u010dtvrt\u00e1 vlna EET platit od l\u00e9ta 2019. Vztahuje se nap\u0159\u00edklad na: zem\u011bd\u011blce, &#8230;<\/p>\n","protected":false},"author":2,"featured_media":1189,"comment_status":"open","ping_status":"closed","sticky":false,"template":"","format":"standard","meta":{"_acf_changed":false,"_searchwp_excluded":"","inline_featured_image":false,"footnotes":""},"categories":[5,14],"tags":[],"class_list":["post-1188","post","type-post","status-publish","format-standard","has-post-thumbnail","hentry","category-podnikani","category-zpravodajstvi"],"acf":[],"_links":{"self":[{"href":"https:\/\/money.cz\/novinky-a-tipy\/wp-json\/wp\/v2\/posts\/1188","targetHints":{"allow":["GET"]}}],"collection":[{"href":"https:\/\/money.cz\/novinky-a-tipy\/wp-json\/wp\/v2\/posts"}],"about":[{"href":"https:\/\/money.cz\/novinky-a-tipy\/wp-json\/wp\/v2\/types\/post"}],"author":[{"embeddable":true,"href":"https:\/\/money.cz\/novinky-a-tipy\/wp-json\/wp\/v2\/users\/2"}],"replies":[{"embeddable":true,"href":"https:\/\/money.cz\/novinky-a-tipy\/wp-json\/wp\/v2\/comments?post=1188"}],"version-history":[{"count":1,"href":"https:\/\/money.cz\/novinky-a-tipy\/wp-json\/wp\/v2\/posts\/1188\/revisions"}],"predecessor-version":[{"id":3715,"href":"https:\/\/money.cz\/novinky-a-tipy\/wp-json\/wp\/v2\/posts\/1188\/revisions\/3715"}],"wp:featuredmedia":[{"embeddable":true,"href":"https:\/\/money.cz\/novinky-a-tipy\/wp-json\/wp\/v2\/media\/1189"}],"wp:attachment":[{"href":"https:\/\/money.cz\/novinky-a-tipy\/wp-json\/wp\/v2\/media?parent=1188"}],"wp:term":[{"taxonomy":"category","embeddable":true,"href":"https:\/\/money.cz\/novinky-a-tipy\/wp-json\/wp\/v2\/categories?post=1188"},{"taxonomy":"post_tag","embeddable":true,"href":"https:\/\/money.cz\/novinky-a-tipy\/wp-json\/wp\/v2\/tags?post=1188"}],"curies":[{"name":"wp","href":"https:\/\/api.w.org\/{rel}","templated":true}]}}