{"id":12947,"date":"2023-12-15T07:00:00","date_gmt":"2023-12-15T06:00:00","guid":{"rendered":"https:\/\/money.cz\/novinky-a-tipy\/?p=12947"},"modified":"2023-12-14T15:04:34","modified_gmt":"2023-12-14T14:04:34","slug":"rijen-2023-rucni-vyber-klicovych-udalosti-pro-male-a-stredni-firmy","status":"publish","type":"post","link":"https:\/\/money.cz\/novinky-a-tipy\/podnikani\/rijen-2023-rucni-vyber-klicovych-udalosti-pro-male-a-stredni-firmy\/","title":{"rendered":"[\u0158\u00edjen 2023] Ru\u010dn\u00ed v\u00fdb\u011br kl\u00ed\u010dov\u00fdch ud\u00e1lost\u00ed pro mal\u00e9 a st\u0159edn\u00ed firmy"},"content":{"rendered":"<h2>Zam\u011bstnavatel\u00e9 budou zvy\u0161ovat mzdy<\/h2>\n<p>Z <a href=\"https:\/\/www.komora.cz\/press_release\/zamestnavatele-budou-i-v-roce-2024-zvysovat-mzdy-nejcasteji-o-5-az-10-procent-vyplaty-zrejme-zacaly-rust-uz-i-realne\/\" target=\"_blank\" rel=\"noopener\">v\u00fdzkumu Hospod\u00e1\u0159sk\u00e9 komory<\/a> vypl\u00fdv\u00e1, \u017ee zv\u00fd\u0161en\u00ed mezd v roce 2024 <strong>pl\u00e1nuje nejm\u00e9n\u011b 6 z 10 podnik\u016f<\/strong>. Mzdy porostou hlavn\u011b ve velk\u00fdch podnic\u00edch nad 250 zam\u011bstnanc\u016f (90 %) a st\u0159edn\u011b velk\u00fdch firm\u00e1ch s 51 a\u017e 250 zam\u011bstnanci (79 %). Z dat tak\u00e9 vypl\u00fdv\u00e1, \u017ee si polep\u0161\u00ed zejm\u00e9na zam\u011bstnanci ve zpracovatelsk\u00e9m pr\u016fmyslu.<\/p>\n<p>Zvy\u0161ov\u00e1n\u00ed mezd souvis\u00ed s o\u010dek\u00e1v\u00e1n\u00edm, \u017ee v roce 2024 dojde k o\u017eiven\u00ed spot\u0159eby dom\u00e1cnost\u00ed. \u201e<em>N\u011bkter\u00e9 podniky budou <\/em><strong><em>zvy\u0161ovat v\u00fdplaty o v\u00edce ne\u017e 10 %<\/em><\/strong><em>, zejm\u00e9na ty, kter\u00e9 poskytuj\u00ed slu\u017eby pro podniky. Data z firem ale nazna\u010duj\u00ed, \u017ee ke mzdov\u011b-infla\u010dn\u00ed spir\u00e1le letos a ani v p\u0159\u00ed\u0161t\u00edm roce v d\u016fsledku mo\u017en\u00e9ho vysok\u00e9ho dvoucifern\u00e9ho r\u016fstu mezd nedojde<\/em>,\u201c poznamenal prezident Hospod\u00e1\u0159sk\u00e9 komory Zden\u011bk Zaj\u00ed\u010dek.<\/p>\n<h2>\u010cesk\u00e1 ekonomika meziro\u010dn\u011b klesla o 0,6 %<\/h2>\n<p>Podle p\u0159edb\u011b\u017en\u00e9ho odhadu <a href=\"https:\/\/www.czso.cz\/csu\/czso\/cri\/predbezny-odhad-hdp-3-ctvrtleti-2023\" target=\"_blank\" rel=\"noopener\">\u010cesk\u00e9ho statistick\u00e9ho \u00fa\u0159adu<\/a> klesl hrub\u00fd dom\u00e1c\u00ed produkt ve 3. \u010dtvrtlet\u00ed mezi\u010dtvrtletn\u011b o 0,3 % a meziro\u010dn\u011b o 0,6 %.<\/p>\n<p>\u201e<em>Poklesu ve t\u0159et\u00edm \u010dtvrtlet\u00ed p\u0159edch\u00e1zela stagnace ekonomick\u00e9ho v\u00fdkonu v prvn\u00ed polovin\u011b leto\u0161n\u00edho roku a m\u00edrn\u00e1 recese v druh\u00e9 polovin\u011b lo\u0148sk\u00e9ho roku. V\u00fdsledkem je, \u017ee <\/em><strong><em>\u010desk\u00e1 ekonomika jako jedin\u00e1 v EU zaost\u00e1v\u00e1 <\/em><\/strong><em>za svou p\u0159edpandemickou \u00farovn\u00ed, a to o v\u00edce ne\u017e jedno procento<\/em>,\u201c \u0159ekl analytik Komer\u010dn\u00ed banky Martin Gurtler pro <a href=\"https:\/\/www.idnes.cz\/ekonomika\/domaci\/ekonomika-hdp-cesko-hospodarstvi-vyvoj-propad-poptavka.A231031_090605_ekonomika_jla\" target=\"_blank\" rel=\"noopener\">iDnes<\/a>.<\/p>\n<h2>55 % matek d\u011bt\u00ed do 2 let nepracuje, a\u010dkoliv by cht\u011bly<\/h2>\n<p><a href=\"https:\/\/www2.deloitte.com\/cz\/cs\/pages\/press\/articles\/na-rodicovske-dovolene-pracuje-jen-polovina-tech-ktere-chteji-vyplyva-z-noveho-pruzkumu-Deloitte-a-Mumdoo-o-ceskych-matkach.html\" target=\"_blank\" rel=\"noopener\">V\u00fdzkum<\/a> spole\u010dnosti Deloitte a platformy Mumdoo se zam\u011b\u0159il na <strong>pracovn\u00ed uplatn\u011bn\u00ed rodi\u010d\u016f s mal\u00fdmi d\u011btmi<\/strong>. Aktu\u00e1ln\u011b je v \u010cesku na mate\u0159sk\u00e9 dovolen\u00e9 74 tis\u00edc lid\u00ed a 283 tis\u00edc lid\u00ed je na rodi\u010dovsk\u00e9 \u2013 z toho 98 % tvo\u0159\u00ed \u017eeny.<\/p>\n<p>V prvn\u00edch dvou letech \u017eivota d\u00edt\u011bte by si \u017eeny <strong>nejv\u00edc p\u0159\u00e1ly flexibiln\u00ed \u010d\u00e1ste\u010dn\u00e9 \u00favazky formou dohod<\/strong> (36 %) nebo n\u00e1razovou spolupr\u00e1ci na projektov\u00e9 b\u00e1zi (33 %). Jen\u017ee naj\u00edt takovou pr\u00e1ci je t\u011b\u017ek\u00e9 \u2013 proto 55 % matek d\u011bt\u00ed do 2 let nepracuje, a\u010dkoliv by cht\u011bly. Podle Eurostatu m\u00e1 \u010cesk\u00e1 republika v porovn\u00e1n\u00ed s unijn\u00edm pr\u016fm\u011brem jeden z nejni\u017e\u0161\u00edch pod\u00edl\u016f zkr\u00e1cen\u00fdch \u00favazk\u016f v\u016f\u010di celkov\u00e9 zam\u011bstnanosti, nap\u0159\u00edklad ve t\u0159et\u00edm kvart\u00e1lu roku 2022 to bylo pouze 6,2 %.<\/p>\n<h2>Sen\u00e1t \u0159e\u0161\u00ed konsolida\u010dn\u00ed bal\u00ed\u010dek<\/h2>\n<p>Sn\u011bmovna v \u0159\u00edjnu schv\u00e1lila po dlouh\u00fdch debat\u00e1ch konsolida\u010dn\u00ed bal\u00ed\u010dek, kter\u00fd nap\u0159\u00edklad zav\u00e1d\u00ed dv\u011b sazby DPH m\u00edsto dosavadn\u00edch t\u0159\u00ed. Nyn\u00ed bal\u00ed\u010dek postupuje k projedn\u00e1n\u00ed a schv\u00e1len\u00ed do Sen\u00e1tu. Server <a href=\"https:\/\/www.irozhlas.cz\/ekonomika\/konsolidacni-balicek-senat-schvalovani_2310300832_kac\" target=\"_blank\" rel=\"noopener\">iRozhlas<\/a> uv\u00e1d\u00ed, \u017ee se <strong>p\u0159edpokl\u00e1d\u00e1, \u017ee ho sen\u00e1to\u0159i schv\u00e1l\u00ed<\/strong>.<\/p>\n<p>Zm\u011bny by m\u011bly platit od p\u0159\u00ed\u0161t\u00edho roku. Jednou z nich je <strong>omezen\u00ed da\u0148ov\u00e9ho zv\u00fdhodn\u011bn\u00ed zam\u011bstnaneck\u00fdch benefit\u016f<\/strong>. Server <a href=\"https:\/\/www.podnikatel.cz\/clanky\/danove-osvobozeni-zamestnaneckych-benefitu-se-vyrazne-omezi\/\" target=\"_blank\" rel=\"noopener\">Podnikatel.cz<\/a> p\u0159ipom\u00edn\u00e1, \u017ee jde o ur\u010dit\u00fd kompromis. P\u016fvodn\u011b m\u011blo b\u00fdt jejich osvobozen\u00ed zru\u0161eno \u00fapln\u011b, v aktu\u00e1ln\u00edm n\u00e1vrhu je osvobozen\u00ed zachov\u00e1no alespo\u0148 do v\u00fd\u0161e poloviny pr\u016fm\u011brn\u00e9 mzdy.<\/p>\n<h2>P\u0159\u00edsn\u011bj\u0161\u00ed tresty za kartely<\/h2>\n<p>Server <a href=\"https:\/\/www.irozhlas.cz\/ekonomika\/anitmonopolni-urad-kartel-nova-metodika_2310271340_tlp\" target=\"_blank\" rel=\"noopener\">iRozhlas.cz<\/a> informoval, \u017ee \u00da\u0159ad pro ochranu hospod\u00e1\u0159sk\u00e9 sout\u011b\u017ee chyst\u00e1 zp\u0159\u00edsn\u011bn\u00ed trest\u016f za kartel. Pokuty maj\u00ed b\u00fdt podle pl\u00e1nu a\u017e dvojn\u00e1sobn\u00e9, a to <strong>a\u017e do 30 % obratu z dot\u010den\u00e9ho zbo\u017e\u00ed<\/strong>. Z\u00e1rove\u0148 by \u00fa\u0159ad mohl t\u011bmto firm\u00e1m zak\u00e1zat \u00fa\u010dast ve ve\u0159ejn\u00fdch zak\u00e1zk\u00e1ch.<\/p>\n<p>M\u00edstop\u0159edseda \u00fa\u0159adu Kamil Nejezchleb p\u0159edpokl\u00e1d\u00e1, \u017ee nov\u00e1 pravidla povedou <strong>k v\u011bt\u0161\u00edmu odhalov\u00e1n\u00ed velk\u00fdch hr\u00e1\u010d\u016f<\/strong>. Kartel toti\u017e bude v\u00fdhodn\u00e9 nahl\u00e1sit, \u00fa\u0159ad pakm\u016f\u017ee firm\u011b \u010d\u00e1st trestu prominout. Chystan\u00e1 metodika zat\u00edm nen\u00ed schv\u00e1len\u00e1.<\/p>\n","protected":false},"excerpt":{"rendered":"<p>Zam\u011bstnavatel\u00e9 budou zvy\u0161ovat mzdy Z v\u00fdzkumu Hospod\u00e1\u0159sk\u00e9 komory vypl\u00fdv\u00e1, \u017ee zv\u00fd\u0161en\u00ed mezd v roce 2024 pl\u00e1nuje nejm\u00e9n\u011b 6 z 10 podnik\u016f. Mzdy porostou hlavn\u011b ve &#8230;<\/p>\n","protected":false},"author":2,"featured_media":9981,"comment_status":"closed","ping_status":"closed","sticky":false,"template":"","format":"standard","meta":{"_acf_changed":false,"_searchwp_excluded":"","inline_featured_image":false,"footnotes":""},"categories":[5,14],"tags":[278,252],"class_list":["post-12947","post","type-post","status-publish","format-standard","has-post-thumbnail","hentry","category-podnikani","category-zpravodajstvi","tag-podnikani","tag-rozvoj-podnikani"],"acf":[],"_links":{"self":[{"href":"https:\/\/money.cz\/novinky-a-tipy\/wp-json\/wp\/v2\/posts\/12947","targetHints":{"allow":["GET"]}}],"collection":[{"href":"https:\/\/money.cz\/novinky-a-tipy\/wp-json\/wp\/v2\/posts"}],"about":[{"href":"https:\/\/money.cz\/novinky-a-tipy\/wp-json\/wp\/v2\/types\/post"}],"author":[{"embeddable":true,"href":"https:\/\/money.cz\/novinky-a-tipy\/wp-json\/wp\/v2\/users\/2"}],"replies":[{"embeddable":true,"href":"https:\/\/money.cz\/novinky-a-tipy\/wp-json\/wp\/v2\/comments?post=12947"}],"version-history":[{"count":2,"href":"https:\/\/money.cz\/novinky-a-tipy\/wp-json\/wp\/v2\/posts\/12947\/revisions"}],"predecessor-version":[{"id":12949,"href":"https:\/\/money.cz\/novinky-a-tipy\/wp-json\/wp\/v2\/posts\/12947\/revisions\/12949"}],"wp:featuredmedia":[{"embeddable":true,"href":"https:\/\/money.cz\/novinky-a-tipy\/wp-json\/wp\/v2\/media\/9981"}],"wp:attachment":[{"href":"https:\/\/money.cz\/novinky-a-tipy\/wp-json\/wp\/v2\/media?parent=12947"}],"wp:term":[{"taxonomy":"category","embeddable":true,"href":"https:\/\/money.cz\/novinky-a-tipy\/wp-json\/wp\/v2\/categories?post=12947"},{"taxonomy":"post_tag","embeddable":true,"href":"https:\/\/money.cz\/novinky-a-tipy\/wp-json\/wp\/v2\/tags?post=12947"}],"curies":[{"name":"wp","href":"https:\/\/api.w.org\/{rel}","templated":true}]}}