{"id":1322,"date":"2019-05-01T20:00:00","date_gmt":"2019-05-01T20:00:00","guid":{"rendered":"https:\/\/money2022.localhost\/novinky-a-tipy\/duben-2019-rucni-vyber-klicovych-udalosti-male-stredni-firmy\/"},"modified":"2025-03-18T11:03:06","modified_gmt":"2025-03-18T10:03:06","slug":"duben-2019-rucni-vyber-klicovych-udalosti-male-stredni-firmy","status":"publish","type":"post","link":"https:\/\/money.cz\/novinky-a-tipy\/podnikani\/duben-2019-rucni-vyber-klicovych-udalosti-male-stredni-firmy\/","title":{"rendered":"[Duben 2019] Ru\u010dn\u00ed v\u00fdb\u011br kl\u00ed\u010dov\u00fdch ud\u00e1lost\u00ed pro mal\u00e9 a st\u0159edn\u00ed firmy"},"content":{"rendered":"<h2>1. \u010ce\u0161i odevzd\u00e1vaj\u00ed da\u0148ov\u00e9 p\u0159izn\u00e1n\u00ed po term\u00ednu. Pokut se ale b\u00e1t nemus\u00ed<\/h2>\n<p>A\u010dkoliv nejzaz\u0161\u00ed \u0159\u00e1dn\u00fd term\u00edn pro pod\u00e1n\u00ed da\u0148ov\u00e9ho p\u0159izn\u00e1n\u00ed byl v pond\u011bl\u00ed 1. dubna, finan\u010dn\u00ed \u00fa\u0159ady je\u0161t\u011b v pond\u011bl\u00ed 8. dubna vybraly p\u0159izn\u00e1n\u00ed <strong>od 300 tis\u00edc fyzick\u00fdch a 72 tis\u00edc pr\u00e1vnick\u00fdch osob<\/strong>. Informuje o tom <a href=\"https:\/\/www.podnikatel.cz\/clanky\/necelych-300-tisic-zivnostniku-podalo-danove-priznani-po-terminu-co-jim-hrozi\/\" target=\"_blank\" rel=\"noopener noreferrer\">server podnikatel.cz<\/a><\/p>\n<p>Opozdilc\u016fm pokuty nehroz\u00ed, sankce se vym\u011b\u0159uj\u00ed <strong>od 6. pracovn\u00edho dne po uplynut\u00ed term\u00ednu<\/strong>, tedy a\u017e od \u00fater\u00fd 9. dubna. Nav\u00edc nejsou vysok\u00e9, st\u00e1t je vypo\u010d\u00edt\u00e1v\u00e1 sazbou 0,05 % stanoven\u00e9 dan\u011b za ka\u017ed\u00fd den prodlen\u00ed. A pokud vym\u011b\u0159en\u00e1 pokuta nep\u0159es\u00e1hne 200 korun, spr\u00e1vce dan\u011b v\u00e1m ji ani nep\u0159edep\u00ed\u0161e.<\/p>\n<h2>2. Propl\u00e1cen\u00ed prvn\u00edch 3 dn\u00ed nemocensk\u00e9 za\u010dne platit v \u010dervenci<\/h2>\n<p>Poslanci <strong>odm\u00edtli odklad novely z\u00e1kon\u00edku pr\u00e1ce<\/strong>, kter\u00e1 ru\u0161\u00ed tzv. karen\u010dn\u00ed dobu. To znamen\u00e1, \u017ee zam\u011bstnanci u\u017e od 1. \u010dervence budou od sv\u00fdch zam\u011bstnavatel\u016f dost\u00e1vat n\u00e1hradu mzdy i za prvn\u00ed 3 dny nemoci.<\/p>\n<p>P\u016fvodn\u00edm pl\u00e1nem vl\u00e1dy bylo, \u017ee se zru\u0161en\u00ed karen\u010dn\u00ed doby spust\u00ed <strong>spole\u010dn\u011b s elektronick\u00fdmi neschopenkami<\/strong>. Jejich zaveden\u00ed se v\u0161ak nejm\u00e9n\u011b o p\u016fl roku odkl\u00e1d\u00e1, od \u010dervence tak za\u010dne platit pouze propl\u00e1cen\u00ed prvn\u00edch 3 dn\u00ed nemoci. Informuje o tom <a href=\"https:\/\/www.mesec.cz\/clanky\/zamestnanci-dostanou-od-cervence-pri-nemoci-vic-penez-osvc-si-na-pausalni-dan-pockaji\/\" target=\"_blank\" rel=\"noopener noreferrer\">server mesec.cz<\/a>.<\/p>\n<h2>3. Pau\u0161\u00e1ln\u00ed da\u0148 se odkl\u00e1d\u00e1, za\u010dne platit nejd\u0159\u00edve v l\u00e9t\u011b 2020<\/h2>\n<p>Drobn\u00ed podnikatel\u00e9 s obratem do jednoho milionu korun, kte\u0159\u00ed se t\u011b\u0161ili na zaveden\u00ed pau\u0161\u00e1ln\u00ed dan\u011b, mus\u00ed vydr\u017eet. A\u010dkoliv p\u0159edseda vl\u00e1dy Andrej Babi\u0161 i ministryn\u011b financ\u00ed Alena Schillerov\u00e1 cht\u011bli zav\u00e9st pau\u0161\u00e1ln\u00ed da\u0148 <strong>u\u017e od ledna 2020<\/strong>, nakonec to <a href=\"https:\/\/ct24.ceskatelevize.cz\/ekonomika\/2786669-pausalni-dan-pro-male-podnikatele-se-odklada-mohla-zacit-behem-roku-2020-tvrdi\" target=\"_blank\" rel=\"noopener noreferrer\">podle \u010cesk\u00e9 televize<\/a> nestihnou.<\/p>\n<p>Schillerov\u00e1 nicm\u00e9n\u011b v\u011b\u0159\u00ed, \u017ee odklad nebude dlouh\u00fd a pau\u0161\u00e1ln\u00ed da\u0148 se povede zav\u00e9st <strong>v pr\u016fb\u011bhu roku 2020, nejpozd\u011bji pak v lednu 2021<\/strong>.<\/p>\n<h2>4. B\u0159eznov\u00e1 nezam\u011bstnanost op\u011bt klesla, byla nejni\u017e\u0161\u00ed od roku 1997<\/h2>\n<p>Nezam\u011bstnanost v b\u0159eznu klesla oproti \u00fanoru o dv\u011b desetiny procentn\u00edho bodu: z 3,2 % na <strong>na 3 %<\/strong>. Zaj\u00edmav\u011bj\u0161\u00ed je ale meziro\u010dn\u00ed srovn\u00e1n\u00ed \u2013 takto n\u00edzkou b\u0159eznovou nezam\u011bstnanost m\u011blo \u010cesko <strong>naposledy v roce 1997<\/strong>. Zpr\u00e1vu p\u0159inesl <a href=\"https:\/\/www.idnes.cz\/ekonomika\/domaci\/nezamestnanost-urad-prace-volna-mista-ekonomika-sezona-statistika.A190408_091515_ekonomika_mato\" target=\"_blank\" rel=\"noopener noreferrer\">server idnes.cz<\/a>.<\/p>\n<p>Bez pr\u00e1ce bylo v b\u0159eznu 227 tis\u00edc \u010cech\u016f, \u00fa\u0159ady pr\u00e1ce ale evidovaly 340 tis\u00edc voln\u00fdch pracovn\u00edch m\u00edst.<\/p>\n<h2>5. Ceny pohonn\u00fdch hmot rostou, ropa je nejdra\u017e\u0161\u00ed za posledn\u00edho p\u016fl roku<\/h2>\n<p>Sv\u011btov\u00e1 cena za barel ropy na konci dubna <strong>stoupla na 74,50 americk\u00fdch dolar\u016f<\/strong>, co\u017e je nejv\u00edce od \u0159\u00edjna 2018, kdy st\u00e1la p\u0159es 86 americk\u00fdch dolar\u016f. Informuj\u00ed o tom novinky.cz.<\/p>\n<p>Vy\u0161\u0161\u00ed cena ropy se projevila tak\u00e9 v cen\u00e1ch benz\u00ednu a nafty na \u010derpac\u00edch stanic\u00edch, \u0159idi\u010di ji\u017e nyn\u00ed plat\u00ed kolem 32 K\u010d za litr. Na za\u010d\u00e1tku kv\u011btna by se <strong>ceny m\u011bly vy\u0161plhat a\u017e ke 33 korun\u00e1m za litr<\/strong>.<\/p>\n","protected":false},"excerpt":{"rendered":"<p>1. \u010ce\u0161i odevzd\u00e1vaj\u00ed da\u0148ov\u00e9 p\u0159izn\u00e1n\u00ed po term\u00ednu. Pokut se ale b\u00e1t nemus\u00ed A\u010dkoliv nejzaz\u0161\u00ed \u0159\u00e1dn\u00fd term\u00edn pro pod\u00e1n\u00ed da\u0148ov\u00e9ho p\u0159izn\u00e1n\u00ed byl v pond\u011bl\u00ed 1. dubna, &#8230;<\/p>\n","protected":false},"author":2,"featured_media":1323,"comment_status":"open","ping_status":"closed","sticky":false,"template":"","format":"standard","meta":{"_acf_changed":false,"_searchwp_excluded":"","inline_featured_image":false,"footnotes":""},"categories":[5,14],"tags":[77,163],"class_list":["post-1322","post","type-post","status-publish","format-standard","has-post-thumbnail","hentry","category-podnikani","category-zpravodajstvi","tag-danove-priznani","tag-pausalni-dan"],"acf":[],"_links":{"self":[{"href":"https:\/\/money.cz\/novinky-a-tipy\/wp-json\/wp\/v2\/posts\/1322","targetHints":{"allow":["GET"]}}],"collection":[{"href":"https:\/\/money.cz\/novinky-a-tipy\/wp-json\/wp\/v2\/posts"}],"about":[{"href":"https:\/\/money.cz\/novinky-a-tipy\/wp-json\/wp\/v2\/types\/post"}],"author":[{"embeddable":true,"href":"https:\/\/money.cz\/novinky-a-tipy\/wp-json\/wp\/v2\/users\/2"}],"replies":[{"embeddable":true,"href":"https:\/\/money.cz\/novinky-a-tipy\/wp-json\/wp\/v2\/comments?post=1322"}],"version-history":[{"count":3,"href":"https:\/\/money.cz\/novinky-a-tipy\/wp-json\/wp\/v2\/posts\/1322\/revisions"}],"predecessor-version":[{"id":17080,"href":"https:\/\/money.cz\/novinky-a-tipy\/wp-json\/wp\/v2\/posts\/1322\/revisions\/17080"}],"wp:featuredmedia":[{"embeddable":true,"href":"https:\/\/money.cz\/novinky-a-tipy\/wp-json\/wp\/v2\/media\/1323"}],"wp:attachment":[{"href":"https:\/\/money.cz\/novinky-a-tipy\/wp-json\/wp\/v2\/media?parent=1322"}],"wp:term":[{"taxonomy":"category","embeddable":true,"href":"https:\/\/money.cz\/novinky-a-tipy\/wp-json\/wp\/v2\/categories?post=1322"},{"taxonomy":"post_tag","embeddable":true,"href":"https:\/\/money.cz\/novinky-a-tipy\/wp-json\/wp\/v2\/tags?post=1322"}],"curies":[{"name":"wp","href":"https:\/\/api.w.org\/{rel}","templated":true}]}}