{"id":141,"date":"2008-12-16T22:00:00","date_gmt":"2008-12-16T22:00:00","guid":{"rendered":"https:\/\/money2022.localhost\/novinky-a-tipy\/nemocenske-pojisteni-u-osvc-od-1-1-2009\/"},"modified":"2023-02-01T15:11:12","modified_gmt":"2023-02-01T14:11:12","slug":"nemocenske-pojisteni-u-osvc-od-1-1-2009","status":"publish","type":"post","link":"https:\/\/money.cz\/novinky-a-tipy\/mzdy-a-personalistika\/nemocenske-pojisteni-u-osvc-od-1-1-2009\/","title":{"rendered":"Nemocensk\u00e9 poji\u0161t\u011bn\u00ed u OSV\u010c od 1. 1. 2009"},"content":{"rendered":"<p><strong><em>Od 1. 1. 2009 doch\u00e1z\u00ed k v\u00fdznamn\u00fdm zm\u011bn\u00e1m v oblasti nemocensk\u00e9ho poji\u0161t\u011bn\u00ed u osob samostatn\u011b v\u00fdd\u011ble\u010dn\u011b \u010dinn\u00fdch (d\u00e1le jen \u201eOSV\u010c&#8220;). \u010cl\u00e1nek vych\u00e1z\u00ed z materi\u00e1lu uve\u0159ejn\u011bn\u00e9ho na webu \u010cesk\u00e9 spr\u00e1vy soci\u00e1ln\u00edho zabezpe\u010den\u00ed.<!--more--><\/em><\/strong><\/p>\n<p><em><strong>Autor:\u00a0<a href=\"https:\/\/money.cz\/novinky-a-tipy\/autor\/autor-zraly\/\">Mgr. Zden\u011bk Zral\u00fd<\/a>, da\u0148ov\u00fd poradce \u010d. 3177<\/strong><\/em><\/p>\n<h4>Z\u00e1kladn\u00ed informace<\/h4>\n<p><strong>S \u00fa\u010dinnost\u00ed od 1. 1. 2009 je nemocensk\u00e9 poji\u0161t\u011bn\u00ed OSV\u010c odd\u011bleno od d\u016fchodov\u00e9ho poji\u0161t\u011bn\u00ed.<\/strong>\u00a0Ji\u017e nen\u00ed podm\u00ednkou, \u017ee OSV\u010c m\u016f\u017ee b\u00fdt \u00fa\u010dastna nemocensk\u00e9ho poji\u0161t\u011bn\u00ed jen v t\u011bch kalend\u00e1\u0159n\u00edch m\u011bs\u00edc\u00edch, za kter\u00e9 je povinna platit z\u00e1lohy na pojistn\u00e9 na d\u016fchodov\u00e9 poji\u0161t\u011bn\u00ed. M\u011bs\u00ed\u010dn\u00ed z\u00e1klad pro nemocensk\u00e9 poji\u0161t\u011bn\u00ed nen\u00ed z\u00e1visl\u00fd na v\u00fd\u0161i dosa\u017een\u00fdch p\u0159\u00edjm\u016f po odpo\u010dtu v\u00fddaj\u016f (da\u0148ov\u00e9ho z\u00e1kladu) v p\u0159edchoz\u00edm kalend\u00e1\u0159n\u00edm roce.<\/p>\n<p><strong>Pojistn\u00e9 na nemocensk\u00e9 poji\u0161t\u011bn\u00ed se od 1. 1. 2009 neplat\u00ed spolu se z\u00e1lohou na pojistn\u00e9 na d\u016fchodov\u00e9 poji\u0161t\u011bn\u00ed, ale samostatn\u011b na jin\u00e9 \u010d\u00edslo \u00fa\u010dtu ne\u017e-li pojistn\u00e9 na d\u016fchodov\u00e9 poji\u0161t\u011bn\u00ed a na nov\u00fd variabiln\u00ed symbol.<\/strong>\u00a0Nov\u00e9 \u010d\u00edslo \u00fa\u010dtu pro placen\u00ed pojistn\u00e9ho na nemocensk\u00e9 poji\u0161t\u011bn\u00ed zjist\u00ed OSV\u010c na sv\u00e9 p\u0159\u00edslu\u0161n\u00e9 OSSZ (v Praze na PSSZ).<\/p>\n<p>Pro placen\u00ed pojistn\u00e9ho na nemocensk\u00e9 poji\u0161t\u011bn\u00ed bude od 1. 1. 2009 pou\u017e\u00edv\u00e1n nov\u00fd variabiln\u00ed symbol, kter\u00fdm bude rodn\u00e9 \u010d\u00edslo OSV\u010c.<\/p>\n<p><strong>Pojistn\u00e9 na nemocensk\u00e9 poji\u0161t\u011bn\u00ed je splatn\u00e9 od 1. do 20. dne kalend\u00e1\u0159n\u00edho m\u011bs\u00edce, kter\u00fd n\u00e1sleduje po kalend\u00e1\u0159n\u00edm m\u011bs\u00edci, za kter\u00fd se toto pojistn\u00e9 plat\u00ed<\/strong>, tj. nap\u0159. pojistn\u00e9 za leden 2009 je splatn\u00e9 od 1. do 20. \u00fanora 2009 atp.<\/p>\n<p>Pokud k 1. lednu 2009 OSV\u010c dlu\u017e\u00ed pojistn\u00e9 na nemocensk\u00e9 poji\u0161t\u011bn\u00ed za dobu p\u0159ed t\u00edmto datem a nedoplat\u00ed dlu\u017en\u00e9 pojistn\u00e9 v\u010detn\u011b pen\u00e1le z nemocensk\u00e9ho poji\u0161t\u011bn\u00ed do 31. ledna 2009, zanik\u00e1 jej\u00ed \u00fa\u010dast na poji\u0161t\u011bn\u00ed od 1. ledna 2009. Pokud v\u0161ak do 9. ledna 2009 ji\u017e uplynula doba t\u0159\u00ed kalend\u00e1\u0159n\u00edch m\u011bs\u00edc\u016f po sob\u011b jdouc\u00edch (tj. \u0159\u00edjen, listopad, prosinec 2008), za kter\u00e9 nebylo zaplaceno splatn\u00e9 pojistn\u00e9, zanik\u00e1 \u00fa\u010dast na nemocensk\u00e9m poji\u0161t\u011bn\u00ed dnem 30. z\u00e1\u0159\u00ed 2008.<\/p>\n<h4>Podm\u00ednky \u00fa\u010dasti OSV\u010c na nemocensk\u00e9m poji\u0161t\u011bn\u00ed<\/h4>\n<p>OSV\u010c je \u00fa\u010dastna nemocensk\u00e9ho poji\u0161t\u011bn\u00ed\u00a0<strong>dobrovoln\u011b<\/strong>\u00a0za sou\u010dasn\u00e9ho spln\u011bn\u00ed n\u00e1sleduj\u00edc\u00edch podm\u00ednek<\/p>\n<ul>\n<li>vykon\u00e1v\u00e1 samostatnou v\u00fdd\u011ble\u010dnou \u010dinnost na \u00fazem\u00ed \u010cR anebo mimo \u00fazem\u00ed \u010cR, av\u0161ak na z\u00e1klad\u011b opr\u00e1vn\u011bn\u00ed vypl\u00fdvaj\u00edc\u00edch z pr\u00e1vn\u00edch p\u0159edpis\u016f \u010cR.<\/li>\n<li>podala p\u0159ihl\u00e1\u0161ku k \u00fa\u010dasti na nemocensk\u00e9m poji\u0161t\u011bn\u00ed na p\u0159edepsan\u00e9m tiskopisu.<\/li>\n<\/ul>\n<p>OSV\u010c, kter\u00e1 je \u00fa\u010dastna nemocensk\u00e9ho poji\u0161t\u011bn\u00ed ke dni 31.12.2008, je tohoto poji\u0161t\u011bn\u00ed \u00fa\u010dastna i po tomto datu, bez toho, aby musela pod\u00e1vat novou p\u0159ihl\u00e1\u0161ku.<\/p>\n<h4>Vznik nemocensk\u00e9ho poji\u0161t\u011bn\u00ed OSV\u010c<\/h4>\n<p>Nemocensk\u00e9 poji\u0161t\u011bn\u00ed OSV\u010c vznik\u00e1 dnem, kter\u00fd uvedla v p\u0159ihl\u00e1\u0161ce k \u00fa\u010dasti na poji\u0161t\u011bn\u00ed, nejd\u0159\u00edve v\u0161ak dnem, ve kter\u00e9m byla p\u0159ihl\u00e1\u0161ka pod\u00e1na. Pokud v\u0161ak OSV\u010c pod\u00e1 p\u0159ihl\u00e1\u0161ku k \u00fa\u010dasti na poji\u0161t\u011bn\u00ed do 8 kalend\u00e1\u0159n\u00edch dn\u016f ode dne zah\u00e1jen\u00ed samostatn\u00e9 v\u00fdd\u011ble\u010dn\u00e9 \u010dinnosti, vznik\u00e1 poji\u0161t\u011bn\u00ed dnem uveden\u00fdm v p\u0159ihl\u00e1\u0161ce, i kdy\u017e tento den p\u0159edch\u00e1z\u00ed dni, ve kter\u00e9m byla p\u0159ihl\u00e1\u0161ka pod\u00e1na, nejd\u0159\u00edve v\u0161ak dnem zah\u00e1jen\u00ed samostatn\u00e9 v\u00fdd\u011ble\u010dn\u00e9 \u010dinnosti.<\/p>\n<h4>Z\u00e1nik nemocensk\u00e9ho poji\u0161t\u011bn\u00ed OSV\u010c<\/h4>\n<p>OSV\u010c zanik\u00e1 nemocensk\u00e9 poji\u0161t\u011bn\u00ed dnem<\/p>\n<ul>\n<li>uveden\u00fdm v odhl\u00e1\u0161ce z poji\u0161t\u011bn\u00ed, ne v\u0161ak d\u0159\u00edve ne\u017e dnem, ve kter\u00e9m byla odhl\u00e1\u0161ka pod\u00e1na,<\/li>\n<li>skon\u010den\u00ed samostatn\u00e9 v\u00fdd\u011ble\u010dn\u00e9 \u010dinnosti,<\/li>\n<li>z\u00e1niku opr\u00e1vn\u011bn\u00ed vykon\u00e1vat samostatnou v\u00fdd\u011ble\u010dnou \u010dinnost,<\/li>\n<li>od kter\u00e9ho j\u00ed byl pozastaven v\u00fdkon samostatn\u00e9 v\u00fdd\u011ble\u010dn\u00e9 \u010dinnosti,<\/li>\n<li><strong>prvn\u00edm dnem kalend\u00e1\u0159n\u00edho m\u011bs\u00edce, za kter\u00fd nebylo ve stanoven\u00e9 lh\u016ft\u011b zaplaceno pojistn\u00e9, nebo sice bylo zaplaceno v t\u00e9to lh\u016ft\u011b, av\u0161ak v ni\u017e\u0161\u00ed \u010d\u00e1stce, ne\u017e m\u011blo b\u00fdt zaplaceno,<\/strong><\/li>\n<li>n\u00e1stupu v\u00fdkonu trestu odn\u011bt\u00ed svobody.<\/li>\n<\/ul>\n<p>O z\u00e1niku \u00fa\u010dasti na nemocensk\u00e9m poji\u0161t\u011bn\u00ed z d\u016fvodu nezaplacen\u00ed pojistn\u00e9ho informuj\u00ed OSSZ OSV\u010c p\u00edsemn\u011b.<\/p>\n<h4>D\u00e1vky nemocensk\u00e9ho poji\u0161t\u011bn\u00ed<\/h4>\n<p>Z nemocensk\u00e9ho poji\u0161t\u011bn\u00ed se OSV\u010c poskytuj\u00ed dv\u011b d\u00e1vky<\/p>\n<ul>\n<li><strong>nemocensk\u00e9<\/strong>, a to od 15. dne trv\u00e1n\u00ed do\u010dasn\u00e9 pracovn\u00ed neschopnosti (na\u0159\u00edzen\u00e9 karant\u00e9ny), pokud byla OSV\u010c bezprost\u0159edn\u011b p\u0159ede dnem vzniku do\u010dasn\u00e9 pracovn\u00ed neschopnosti (na\u0159\u00edzen\u00e9 karant\u00e9ny) \u00fa\u010dastna tohoto poji\u0161t\u011bn\u00ed alespo\u0148 t\u0159i m\u011bs\u00edce. Podm\u00ednka \u00fa\u010dasti na poji\u0161t\u011bn\u00ed po dobu t\u0159\u00ed m\u011bs\u00edc\u016f p\u0159ede dnem vzniku do\u010dasn\u00e9 pracovn\u00ed neschopnosti (na\u0159\u00edzen\u00e9 karant\u00e9ny) neplat\u00ed, jestli\u017ee se OSV\u010c p\u0159ihl\u00e1s\u00ed k nemocensk\u00e9mu poji\u0161t\u011bn\u00ed do 8 kalend\u00e1\u0159n\u00edch dn\u016f od dne zah\u00e1jen\u00ed samostatn\u00e9 v\u00fdd\u011ble\u010dn\u00e9 \u010dinnosti.<\/li>\n<li><strong>pen\u011b\u017eit\u00e1 pomoc v mate\u0159stv\u00ed<\/strong>\u00a0nejd\u0159\u00edve od po\u010d\u00e1tku 8 t\u00fddne p\u0159ed o\u010dek\u00e1van\u00fdm dnem porodu, pokud \u00fa\u010dast na nemocensk\u00e9m poji\u0161t\u011bn\u00ed trvala v posledn\u00edch dvou letech p\u0159ede dnem n\u00e1stupu na pen\u011b\u017eitou pomoc v mate\u0159stv\u00ed, alespo\u0148 po dobu 270 kalend\u00e1\u0159n\u00edch dn\u016f a z\u00e1rove\u0148 \u00fa\u010dast na poji\u0161t\u011bn\u00ed OSV\u010c po dobu alespo\u0148 180 kalend\u00e1\u0159n\u00edch dn\u016f v posledn\u00edm roce p\u0159ede dnem po\u010d\u00e1tku podp\u016fr\u010d\u00ed doby. Podp\u016fr\u010d\u00ed doba u pen\u011b\u017eit\u00e9 pomoci v mate\u0159stv\u00ed za\u010d\u00edn\u00e1 n\u00e1stupem na pen\u011b\u017eitou pomoc v mate\u0159stv\u00ed, kter\u00e1 nast\u00e1v\u00e1 dnem, kter\u00fd poji\u0161t\u011bnka ur\u010d\u00ed v obdob\u00ed od po\u010d\u00e1tku osm\u00e9ho t\u00fddne do po\u010d\u00e1tku \u0161est\u00e9ho t\u00fddne p\u0159ed o\u010dek\u00e1van\u00fdm dnem porodu; pokud poji\u0161t\u011bnka tento den v tomto obdob\u00ed neur\u010d\u00ed, za\u010d\u00edn\u00e1 podp\u016fr\u010d\u00ed doba od po\u010d\u00e1tku \u0161est\u00e9ho t\u00fddne p\u0159ed o\u010dek\u00e1van\u00fdm dnem porodu.<\/li>\n<\/ul>\n<p>N\u00e1rok na v\u00fdplatu t\u011bchto d\u00e1vek m\u00e1 OSV\u010c pouze v p\u0159\u00edpad\u011b, \u017ee po dobu jejich pob\u00edr\u00e1n\u00ed osobn\u011b nevykon\u00e1v\u00e1 samostatnou v\u00fdd\u011ble\u010dnou \u010dinnost. Je-li v\u00fdkon samostatn\u00e9 v\u00fdd\u011ble\u010dn\u00e9 \u010dinnosti zaji\u0161t\u011bn prost\u0159ednictv\u00edm zam\u011bstnanc\u016f nebo spolupracuj\u00edc\u00edch osob je tato podm\u00ednka spln\u011bna. V\u00fdkon jin\u00e9 ne\u017e samostatn\u00e9 v\u00fdd\u011ble\u010dn\u00e9 \u010dinnosti v\u0161ak poskytov\u00e1n\u00ed t\u011bchto d\u00e1vek z nemocensk\u00e9ho poji\u0161t\u011bn\u00ed nebr\u00e1n\u00ed.<\/p>\n<p>O d\u00e1vk\u00e1ch rozhoduje p\u0159\u00edslu\u0161n\u00e1 OSSZ\/PSSZ. \u017d\u00e1dost o d\u00e1vku uplat\u0148uje OSV\u010c u m\u00edstn\u011b p\u0159\u00edslu\u0161n\u00e9 OSSZ\/PSSZ.<\/p>\n<p>Dal\u0161\u00ed podrobnosti o zp\u016fsobu uplatn\u011bn\u00ed \u017e\u00e1dosti a o v\u00fdplat\u011b d\u00e1vky lze nal\u00e9zt na webov\u00fdch str\u00e1nk\u00e1ch \u010cSSZ v informaci \u201e<a href=\"http:\/\/www.cssz.cz\/cz\/nemocenske-pojisteni\/davky\/uplatnovani-naroku-a-vyplata-davek-nemocenskeho-pojisteni.htm\">Uplat\u0148ov\u00e1n\u00ed n\u00e1roku a v\u00fdplata d\u00e1vek nemocensk\u00e9ho poji\u0161t\u011bn\u00ed<\/a>&#8222;.<\/p>\n<p>Rozhodn\u00fdm obdob\u00edm pro stanoven\u00ed v\u00fd\u0161e d\u00e1vky je zpravidla 12 kalend\u00e1\u0159n\u00edch m\u011bs\u00edc\u016f p\u0159ed kalend\u00e1\u0159n\u00edm m\u011bs\u00edcem, ve kter\u00e9m vznikla soci\u00e1ln\u00ed ud\u00e1lost.<\/p>\n<h4>Pojistn\u00e9 na nemocensk\u00e9 poji\u0161t\u011bn\u00ed<\/h4>\n<p>S \u00fa\u010dinnost\u00ed od 1.1.2009 doch\u00e1z\u00ed ke zm\u011bn\u00e1m v placen\u00ed pojistn\u00e9ho na nemocensk\u00e9 poji\u0161t\u011bn\u00ed OSV\u010c. Vym\u011b\u0159ovac\u00edm z\u00e1kladem OSV\u010c pro pojistn\u00e9 na nemocensk\u00e9 poji\u0161t\u011bn\u00ed je m\u011bs\u00ed\u010dn\u00ed z\u00e1klad, jeho\u017e v\u00fd\u0161i si ur\u010duje OSV\u010c sama. M\u011bs\u00ed\u010dn\u00ed z\u00e1klad, kter\u00fd si OSV\u010c stanovila a odvedla z n\u011bho pojistn\u00e9 na nemocensk\u00e9 poji\u0161t\u011bn\u00ed, nelze dodate\u010dn\u011b m\u011bnit, stanoven\u00edm m\u011bs\u00ed\u010dn\u00edho z\u00e1kladu se rozum\u00ed zaplacen\u00ed pojistn\u00e9ho na nemocensk\u00e9 poji\u0161t\u011bn\u00ed z m\u011bs\u00ed\u010dn\u00edho z\u00e1kladu.<\/p>\n<p>Tento m\u011bs\u00ed\u010dn\u00ed z\u00e1klad v\u0161ak nem\u016f\u017ee b\u00fdt ni\u017e\u0161\u00ed ne\u017e dvojn\u00e1sobek \u010d\u00e1stky rozhodn\u00e9 podle p\u0159edpis\u016f o nemocensk\u00e9m poji\u0161t\u011bn\u00ed pro \u00fa\u010dast zam\u011bstnanc\u016f na nemocensk\u00e9m poji\u0161t\u011bn\u00ed.<\/p>\n<p><strong>S \u00fa\u010dinnost\u00ed od 1.1.2009 \u010din\u00ed rozhodn\u00e1 \u010d\u00e1stka pro \u00fa\u010dast na poji\u0161t\u011bn\u00ed zam\u011bstnanc\u016f \u010d\u00e1stku 2000 K\u010d. Minim\u00e1ln\u00ed m\u011bs\u00ed\u010dn\u00ed vym\u011b\u0159ovac\u00ed z\u00e1klad OSV\u010c pro pojistn\u00e9 na nemocensk\u00e9 poji\u0161t\u011bn\u00ed \u010din\u00ed s \u00fa\u010dinnost\u00ed od 1.1.2009 \u010d\u00e1stku 4000 K\u010d. Pojistn\u00e9 na nemocensk\u00e9 poji\u0161t\u011bn\u00ed OSV\u010c je stanoveno z m\u011bs\u00ed\u010dn\u00edho z\u00e1kladu procentn\u00ed sazbou ve v\u00fd\u0161i 2,4 % a zaokrouhluje se na cel\u00e9 koruny sm\u011brem nahoru. Pro rok 2009 \u010din\u00ed minim\u00e1ln\u00ed platba pojistn\u00e9ho na nemocensk\u00e9 poji\u0161t\u011bn\u00ed 96 K\u010d.<\/strong><\/p>\n<p>OSV\u010c, kter\u00e1 je \u00fa\u010dastna nemocensk\u00e9ho poji\u0161t\u011bn\u00ed, je povinna platit pojistn\u00e9 na nemocensk\u00e9 poji\u0161t\u011bn\u00ed na \u00fa\u010det p\u0159\u00edslu\u0161n\u00e9 OSSZ na jednotliv\u00e9 cel\u00e9 kalend\u00e1\u0159n\u00ed m\u011bs\u00edce, s v\u00fdjimkou t\u011bch kalend\u00e1\u0159n\u00edch m\u011bs\u00edc\u016f, ve kter\u00fdch po cel\u00fd m\u011bs\u00edc m\u011bla n\u00e1rok na v\u00fdplatu nemocensk\u00e9ho nebo pen\u011b\u017eit\u00e9 pomoci v mate\u0159stv\u00ed z nemocensk\u00e9ho poji\u0161t\u011bn\u00ed jako OSV\u010c. Za obdob\u00ed n\u00e1roku na v\u00fdplatu nemocensk\u00e9ho se pova\u017euje rovn\u011b\u017e doba prvn\u00edch 14 kalend\u00e1\u0159n\u00edch dn\u016f trv\u00e1n\u00ed do\u010dasn\u00e9 pracovn\u00ed neschopnosti, za kter\u00e9 se nemocensk\u00e9 nevypl\u00e1c\u00ed. OSV\u010c m\u016f\u017ee po projedn\u00e1n\u00ed s OSSZ platit pojistn\u00e9 na del\u0161\u00ed ne\u017e m\u011bs\u00ed\u010dn\u00ed obdob\u00ed, av\u0161ak v\u017edy jen do budoucna a nejd\u00e9le do konce kalend\u00e1\u0159n\u00edho roku.<\/p>\n<p>Jestli\u017ee pojistn\u00e9 na nemocensk\u00e9 poji\u0161t\u011bn\u00ed bylo zaplaceno po uplynut\u00ed lh\u016fty stanoven\u00e9 pro splatnost pojistn\u00e9ho nebo zaplaceno v ni\u017e\u0161\u00ed \u010d\u00e1stce, ne\u017e m\u011blo b\u00fdt zaplaceno, jedn\u00e1 se o p\u0159eplatek na pojistn\u00e9m na nemocensk\u00e9 poji\u0161t\u011bn\u00ed. OSSZ je povinna p\u0159i vr\u00e1cen\u00ed tohoto p\u0159eplatku, nebo p\u0159i pou\u017eit\u00ed tohoto p\u0159eplatku k \u00fahrad\u011b splatn\u00e9ho z\u00e1vazku v\u016f\u010di OSSZ, p\u00edsemn\u011b ozn\u00e1mit OSV\u010c den a d\u016fvod z\u00e1niku jej\u00ed \u00fa\u010dasti na nemocensk\u00e9m poji\u0161t\u011bn\u00ed.<\/p>\n","protected":false},"excerpt":{"rendered":"<p>Od 1. 1. 2009 doch\u00e1z\u00ed k v\u00fdznamn\u00fdm zm\u011bn\u00e1m v oblasti nemocensk\u00e9ho poji\u0161t\u011bn\u00ed u osob samostatn\u011b v\u00fdd\u011ble\u010dn\u011b \u010dinn\u00fdch (d\u00e1le jen \u201eOSV\u010c&#8220;). \u010cl\u00e1nek vych\u00e1z\u00ed z materi\u00e1lu uve\u0159ejn\u011bn\u00e9ho &#8230;<\/p>\n","protected":false},"author":2,"featured_media":0,"comment_status":"open","ping_status":"closed","sticky":false,"template":"","format":"standard","meta":{"_acf_changed":false,"_searchwp_excluded":"","inline_featured_image":false,"footnotes":""},"categories":[17,22],"tags":[],"class_list":["post-141","post","type-post","status-publish","format-standard","hentry","category-mzdy-a-personalistika","category-socialni-a-zdravotni-pojisteni"],"acf":[],"_links":{"self":[{"href":"https:\/\/money.cz\/novinky-a-tipy\/wp-json\/wp\/v2\/posts\/141","targetHints":{"allow":["GET"]}}],"collection":[{"href":"https:\/\/money.cz\/novinky-a-tipy\/wp-json\/wp\/v2\/posts"}],"about":[{"href":"https:\/\/money.cz\/novinky-a-tipy\/wp-json\/wp\/v2\/types\/post"}],"author":[{"embeddable":true,"href":"https:\/\/money.cz\/novinky-a-tipy\/wp-json\/wp\/v2\/users\/2"}],"replies":[{"embeddable":true,"href":"https:\/\/money.cz\/novinky-a-tipy\/wp-json\/wp\/v2\/comments?post=141"}],"version-history":[{"count":2,"href":"https:\/\/money.cz\/novinky-a-tipy\/wp-json\/wp\/v2\/posts\/141\/revisions"}],"predecessor-version":[{"id":5296,"href":"https:\/\/money.cz\/novinky-a-tipy\/wp-json\/wp\/v2\/posts\/141\/revisions\/5296"}],"wp:attachment":[{"href":"https:\/\/money.cz\/novinky-a-tipy\/wp-json\/wp\/v2\/media?parent=141"}],"wp:term":[{"taxonomy":"category","embeddable":true,"href":"https:\/\/money.cz\/novinky-a-tipy\/wp-json\/wp\/v2\/categories?post=141"},{"taxonomy":"post_tag","embeddable":true,"href":"https:\/\/money.cz\/novinky-a-tipy\/wp-json\/wp\/v2\/tags?post=141"}],"curies":[{"name":"wp","href":"https:\/\/api.w.org\/{rel}","templated":true}]}}