{"id":1951,"date":"2020-10-07T10:48:25","date_gmt":"2020-10-07T10:48:25","guid":{"rendered":"https:\/\/money2022.localhost\/novinky-a-tipy\/zari-2020-rucni-vyber-klicovych-udalosti-pro-male-a-stredni-firmy\/"},"modified":"2023-02-01T15:07:20","modified_gmt":"2023-02-01T14:07:20","slug":"zari-2020-rucni-vyber-klicovych-udalosti-pro-male-a-stredni-firmy","status":"publish","type":"post","link":"https:\/\/money.cz\/novinky-a-tipy\/podnikani\/zari-2020-rucni-vyber-klicovych-udalosti-pro-male-a-stredni-firmy\/","title":{"rendered":"[Z\u00e1\u0159\u00ed 2020] Ru\u010dn\u00ed v\u00fdb\u011br kl\u00ed\u010dov\u00fdch ud\u00e1lost\u00ed pro mal\u00e9 a st\u0159edn\u00ed firmy"},"content":{"rendered":"<h2>Vl\u00e1da schv\u00e1lila zaveden\u00ed nov\u00e9ho kurzarbeitu<\/h2>\n<p>Ministerstvo pr\u00e1ce a soci\u00e1ln\u00edch v\u011bc\u00ed informuje v <a href=\"https:\/\/www.mpsv.cz\/web\/cz\/-\/vlada-schvalila-kurzarbeit-mel-by-plynule-navazat-na-antivirus\">tiskov\u00e9 zpr\u00e1v\u011b<\/a>, \u017ee vl\u00e1da schv\u00e1lila n\u00e1vrh novely z\u00e1kona o zam\u011bstnanosti na zaveden\u00ed Kurzarbeitu. Ten by m\u011bl od listopadu nahradit program Ativirus, <strong>zachovat p\u0159i hospod\u00e1\u0159sk\u00fdch pot\u00ed\u017e\u00edch pracovn\u00ed m\u00edsta<\/strong> a po p\u0159echodnou dobu pomoci \u010desk\u00fdm firm\u00e1m se mzdami zam\u011bstnanc\u016f.<\/p>\n<p>K n\u00e1vrhu se vyj\u00e1d\u0159ilo na webu <a href=\"https:\/\/zpravy.aktualne.cz\/ekonomika\/vlada-predstavila-kurzarbeit-nekteri-odbornici-se-obavaji-zn\/r~54a891aeff2c11ea9d470cc47ab5f122\/\">Aktu\u00e1ln\u011b.cz<\/a> mnoho odborn\u00edk\u016f, kte\u0159\u00ed se ob\u00e1vaj\u00ed jeho nedostate\u010dn\u00e9 transparentnosti p\u0159i posuzov\u00e1n\u00ed \u017e\u00e1dost\u00ed. Nav\u00edc pr\u00fd vzhledem k vyhl\u00e1\u0161en\u00ed podle region\u016f m\u016f\u017ee doj\u00edt k nerovnov\u00e1ze podpory mezi konkurenc\u00ed. Zam\u011bstnavatel\u016fm tak\u00e9 <strong>vad\u00ed n\u00edzk\u00e1 v\u00fd\u0161e podpory, kter\u00e1 nep\u0159es\u00e1hne 70 % \u010dist\u00e9ho v\u00fdd\u011blku<\/strong> z pr\u016fm\u011bru celost\u00e1tn\u00ed mzdy.<\/p>\n<p>Hospod\u00e1\u0159sk\u00e1 komora ve vyj\u00e1d\u0159en\u00ed kritizuje i<strong> snadnou zneu\u017eitelnost podpory<\/strong>. Za\u017e\u00e1dat o ni toti\u017e m\u016f\u017ee i firma s tis\u00edci zam\u011bstnanci, u kter\u00e9 nem\u00e1 uplatn\u011bn\u00ed t\u0159eba jen jeden zam\u011bstnanec. Firma by tak \u010derpala podporu na jednoho \u010dlov\u011bka, m\u00edsto zaveden\u00ed efektivn\u011bj\u0161\u00edch vnitropodnikov\u00fdch opat\u0159en\u00ed.\u00a0<\/p>\n<h2>Da\u0148 z nabyt\u00ed nemovitost\u00ed se ru\u0161\u00ed<\/h2>\n<p>26. z\u00e1\u0159\u00ed 2020 vy\u0161el v platnost z\u00e1kon o zru\u0161en\u00ed dan\u011b z nabyt\u00ed nemovit\u00fdch v\u011bc\u00ed. O \u00fa\u010dinnosti informovala <a href=\"https:\/\/www.financnisprava.cz\/cs\/financni-sprava\/media-a-verejnost\/tiskove-zpravy\/tz-2020\/dan-z-nabyti-nemovitych-veci-se-rusi-10930\">Finan\u010dn\u00ed spr\u00e1va<\/a> a <strong>potvrdila jeho zp\u011btnou \u00fa\u010dinnost <\/strong>pro p\u0159\u00edpady, kdy se vklad pr\u00e1va do katastru nemovitost\u00ed uskute\u010dnil v prosinci 2019 a pozd\u011bji. Poplatn\u00edci, kte\u0159\u00ed za tento vklad da\u0148 ji\u017e zaplatili, mohou \u017e\u00e1dat m\u00edstn\u00ed finan\u010dn\u00ed \u00fa\u0159ad o jej\u00ed navr\u00e1cen\u00ed formou p\u0159eplatku.<\/p>\n<p>Port\u00e1l <a href=\"https:\/\/www.podnikatel.cz\/clanky\/zaplacenou-dan-z-nabyti-nemovitosti-uz-lze-ziskat-zpet-netyka-to-i-vas\/\">Podnikatel.cz<\/a> z\u00e1rove\u0148 dopl\u0148uje, \u017ee k \u017e\u00e1dosti neexistuje \u017e\u00e1dn\u00fd ofici\u00e1ln\u00ed formul\u00e1\u0159 a poplatn\u00edci si <strong>vysta\u010d\u00ed s vlastn\u00ed formulac\u00ed a s vlastnoru\u010dn\u00edm podpisem<\/strong>. Z\u00e1rove\u0148 uv\u00e1d\u00ed nejv\u00edce sporn\u00fd p\u0159\u00edklad, kdy poplatn\u00edk uzav\u0159el kupn\u00ed smlouvu na nemovitou v\u011bc v z\u00e1\u0159\u00ed 2019. Pr\u00e1vn\u00ed \u00fa\u010dinky vkladu do katastru mu vznikly v \u0159\u00edjnu 2019 a vklad pr\u00e1va \u00fa\u0159edn\u00edci katastru zapsali v prosinci 2019. Z\u00e1rove\u0148 podal da\u0148ov\u00e9 p\u0159izn\u00e1n\u00ed v b\u0159eznu 2020, ale da\u0148 neuhradil. I v tomto p\u0159\u00edpad\u011b se jej platba dan\u011b net\u00fdk\u00e1 a finan\u010dn\u00ed \u00fa\u0159ad jeho da\u0148ov\u00e9 p\u0159izn\u00e1n\u00ed bude ignorovat.\u00a0<\/p>\n<h2>Platebn\u00ed mor\u00e1lka zadlu\u017een\u00fdch \u010cech\u016f se podle statistik nezhor\u0161ila<\/h2>\n<p>Na webu <a href=\"https:\/\/www.idnes.cz\/ekonomika\/domaci\/inkasni-agentura-exekutorska-komora-dluhy-nesplacene-pohledavky-splatky.A200930_103518_ekonomika_maz\">iDNES.cz<\/a> vy\u0161ly statistiky, kter\u00e9 uv\u00e1d\u011bj\u00ed, \u017ee pr\u016fm\u011brn\u00e1 \u010d\u00e1stka nesplacen\u00fdch pohled\u00e1vek meziro\u010dn\u011b m\u00edrn\u011b klesla na 2 600 korun. Z\u00e1rove\u0148 uv\u00e1d\u00ed, \u017ee po\u010det nov\u00fdch spl\u00e1tkov\u00fdch kalend\u00e1\u0159\u016f stoupl meziro\u010dn\u011b o \u0161estinu. Je zjevn\u00e9, \u017ee jsou dlu\u017en\u00edci v t\u00e9to nestandardn\u00ed situaci <strong>v\u00edce ostra\u017eit\u00ed a spl\u00e1cej\u00ed dluhy uk\u00e1zn\u011bn\u011b<\/strong> \u2013 dodr\u017eov\u00e1n\u00ed domluven\u00fdch spl\u00e1tek se meziro\u010dn\u011b dokonce zv\u00fd\u0161ilo z 35 na 38 %.<\/p>\n<p>Server <a href=\"https:\/\/www.seznamzpravy.cz\/clanek\/splatkove-prazdniny-brzy-skonci-veritele-prichazeji-s-novymi-pravidly-122014\">Seznam zpr\u00e1vy<\/a> z\u00e1rove\u0148 p\u0159ipom\u00edn\u00e1, \u017ee s koncem \u0159\u00edjna vypr\u0161\u00ed gener\u00e1ln\u00ed pardon na spl\u00e1cen\u00ed p\u016fj\u010dek. Kdo by pot\u0159eboval dal\u0161\u00ed pomoc, m\u011bl by za\u010d\u00edt <strong>jednat o \u00faprav\u00e1ch spl\u00e1tek p\u0159\u00edmo s v\u011b\u0159itelem<\/strong>. Prvn\u00ed opat\u0159en\u00ed nap\u0159\u00edklad podnikla Asociace poskytovatel\u016f nebankovn\u00edch \u00fav\u011br\u016f (APN\u00da) a nab\u00eddla lidem od 1. listopadu individu\u00e1ln\u00ed prodlou\u017een\u00ed spl\u00e1tek.\u00a0<\/p>\n<h2>Export\u00e9\u0159i \u010dekaj\u00ed v\u00fdpadek v\u00fdvozu a\u017e 500 miliard korun<\/h2>\n<p>\u010cesk\u00fd export by letos podle odhad\u016f Asociace export\u00e9r\u016f na webu <a href=\"https:\/\/www.idnes.cz\/ekonomika\/domaci\/covid-export-ekonomika-vypadek-dluh-miliardy.A201001_171601_ekonomika_lesa\">iDNES.cz<\/a> mohl kv\u016fli pandemii koronaviru klesnout a\u017e o 500 miliard korun. Z lo\u0148sk\u00fdch rekordn\u00edch 4,57 bilionu se tak propadl na \u00farove\u0148 mezi roky 2016 a 2017. M\u00edstop\u0159edseda Asociace export\u00e9r\u016f Otto Dan\u011bk nav\u00edc pro iDNES.cz uvedl, \u017ee dal\u0161\u00ed propad se z\u0159ejm\u011b projev\u00ed u\u017e od 5. \u0159\u00edjna, kdy za\u010dne platit nouzov\u00fd stav.<\/p>\n<p>Samotn\u00e1 <a href=\"http:\/\/www.asociaceexporteru.cz\/prebytek-obchodni-bilance-na-jedne-strane-automobily-na-druhe-strane-nizka-spotreba-a-cena-ropy-komentar-otto-danka-mistopredsedy-ae\/\">Asociace export\u00e9r\u016f<\/a> se pak rozepisuje o \u010dervencov\u00e9m meziro\u010dn\u00edm srovn\u00e1n\u00ed zahrani\u010dn\u00edho obchodu. V n\u011bm <strong>klesl v\u00fdvoz o 1,1 % na 288,4 miliard korun<\/strong>, dovoz dokonce o 6,2 % na 275,0 miliard korun. \u010cervenec ale i tak vyk\u00e1zal relativn\u011b dobr\u00e1 \u010d\u00edsla a polep\u0161il si v b\u011b\u017en\u00fdch cen\u00e1ch s p\u0159ebytkem 13,4 miliard korun.<\/p>\n<h2>Na letn\u00ed dovolen\u00e9 bylo letos podle pr\u016fzkumu m\u00e9n\u011b \u010cech\u016f ne\u017e loni\u00a0<\/h2>\n<p>Podle pr\u016fzkumu spole\u010dnosti Perfect Crowd, kter\u00fd na sv\u00e9m port\u00e1le uv\u00e1d\u011bj\u00ed <a href=\"https:\/\/www.ceskenoviny.cz\/zpravy\/na-letni-dovolene-bylo-letos-podle-pruzkumu-mene-cechu-nez-loni\/1932722\">\u010cesk\u00e9 noviny<\/a>, se letos v l\u00e9t\u011b vydalo za odpo\u010dinkem 63 % dosp\u011bl\u00fdch \u010cech\u016f. To je <strong>o 14 procentn\u00edch bod\u016f m\u00e9n\u011b ne\u017e loni<\/strong>. 73 % dovolenk\u00e1\u0159\u016f pak cestovalo po \u010cesku a zbyl\u00e1 \u010d\u00e1st se p\u0159izp\u016fsobovala aktu\u00e1ln\u00edm opat\u0159en\u00edm. Do zahrani\u010d\u00ed \u010ce\u0161i vyr\u00e1\u017eeli nej\u010dast\u011bji na Slovensko nebo do Chorvatska.<\/p>\n<p>Server <a href=\"https:\/\/zpravy.aktualne.cz\/domaci\/cesky-turismus-bojuje-o-preziti-i-nejvyhlasenejsi-mista-pris\/r~23d76f90fd8911ea8b230cc47ab5f122\/\">Aktu\u00e1ln\u011b.cz<\/a> ve sv\u00e9m pr\u016fzkumu uv\u00e1d\u00ed, jak strach spojen\u00fd s koronavirem ovlivnil mnoho odv\u011btv\u00ed v\u010detn\u011b turismu. Na t\u0159ech nejnav\u0161t\u011bvovan\u011bj\u0161\u00edch m\u00edstech v \u010cesku <strong>klesla oproti lo\u0148sku n\u00e1v\u0161t\u011bvnost toti\u017e a\u017e o 78 %<\/strong>. N\u011bkter\u00e1 turistick\u00e1 m\u00edsta si ale polep\u0161ila. Nap\u0159\u00edklad plze\u0148sk\u00e1 a kr\u00e1lov\u00e9hradeck\u00e1 zoo zaznamenaly n\u00e1r\u016fst n\u00e1v\u0161t\u011bvnosti a\u017e o 8 % a na koronakrizi tak sp\u00ed\u0161e vyd\u011blaly.<\/p>\n","protected":false},"excerpt":{"rendered":"<p>Vl\u00e1da schv\u00e1lila zaveden\u00ed nov\u00e9ho kurzarbeitu Ministerstvo pr\u00e1ce a soci\u00e1ln\u00edch v\u011bc\u00ed informuje v tiskov\u00e9 zpr\u00e1v\u011b, \u017ee vl\u00e1da schv\u00e1lila n\u00e1vrh novely z\u00e1kona o zam\u011bstnanosti na zaveden\u00ed Kurzarbeitu. &#8230;<\/p>\n","protected":false},"author":2,"featured_media":1631,"comment_status":"open","ping_status":"closed","sticky":false,"template":"","format":"standard","meta":{"_acf_changed":false,"_searchwp_excluded":"","inline_featured_image":false,"footnotes":""},"categories":[5,14],"tags":[178],"class_list":["post-1951","post","type-post","status-publish","format-standard","has-post-thumbnail","hentry","category-podnikani","category-zpravodajstvi","tag-covid-19"],"acf":[],"_links":{"self":[{"href":"https:\/\/money.cz\/novinky-a-tipy\/wp-json\/wp\/v2\/posts\/1951","targetHints":{"allow":["GET"]}}],"collection":[{"href":"https:\/\/money.cz\/novinky-a-tipy\/wp-json\/wp\/v2\/posts"}],"about":[{"href":"https:\/\/money.cz\/novinky-a-tipy\/wp-json\/wp\/v2\/types\/post"}],"author":[{"embeddable":true,"href":"https:\/\/money.cz\/novinky-a-tipy\/wp-json\/wp\/v2\/users\/2"}],"replies":[{"embeddable":true,"href":"https:\/\/money.cz\/novinky-a-tipy\/wp-json\/wp\/v2\/comments?post=1951"}],"version-history":[{"count":2,"href":"https:\/\/money.cz\/novinky-a-tipy\/wp-json\/wp\/v2\/posts\/1951\/revisions"}],"predecessor-version":[{"id":5929,"href":"https:\/\/money.cz\/novinky-a-tipy\/wp-json\/wp\/v2\/posts\/1951\/revisions\/5929"}],"wp:featuredmedia":[{"embeddable":true,"href":"https:\/\/money.cz\/novinky-a-tipy\/wp-json\/wp\/v2\/media\/1631"}],"wp:attachment":[{"href":"https:\/\/money.cz\/novinky-a-tipy\/wp-json\/wp\/v2\/media?parent=1951"}],"wp:term":[{"taxonomy":"category","embeddable":true,"href":"https:\/\/money.cz\/novinky-a-tipy\/wp-json\/wp\/v2\/categories?post=1951"},{"taxonomy":"post_tag","embeddable":true,"href":"https:\/\/money.cz\/novinky-a-tipy\/wp-json\/wp\/v2\/tags?post=1951"}],"curies":[{"name":"wp","href":"https:\/\/api.w.org\/{rel}","templated":true}]}}