{"id":477,"date":"2015-10-05T20:00:00","date_gmt":"2015-10-05T20:00:00","guid":{"rendered":"https:\/\/money2022.localhost\/novinky-a-tipy\/zari-2015-rucni-vyber-klicovych-udalosti-pro-male-stredni-firmy\/"},"modified":"2023-02-01T15:09:54","modified_gmt":"2023-02-01T14:09:54","slug":"zari-2015-rucni-vyber-klicovych-udalosti-pro-male-stredni-firmy","status":"publish","type":"post","link":"https:\/\/money.cz\/novinky-a-tipy\/podnikani\/zari-2015-rucni-vyber-klicovych-udalosti-pro-male-stredni-firmy\/","title":{"rendered":"[Z\u00e1\u0159\u00ed 2015] Ru\u010dn\u00ed v\u00fdb\u011br kl\u00ed\u010dov\u00fdch ud\u00e1lost\u00ed pro mal\u00e9 a st\u0159edn\u00ed firmy"},"content":{"rendered":"<p>Uplynul\u00fd m\u011bs\u00edc m\u00e9dia \u0159e\u0161ila hlavn\u011b skand\u00e1l kolem Volkswagenu a to, jestli st\u00e1hne dol\u016f i \u0160kodu Auto. Nem\u011bla by v\u00e1m uniknout ani zpr\u00e1va o tom, jak tato situace ovliv\u0148uje \u010desk\u00e9 subdodavatele a zaj\u00edm\u00e1v\u00e1 je i novinka o velk\u00fdch \u010d\u00ednsk\u00fdch investic\u00edch do \u010desk\u00e9ho piva.<\/p>\n<p><!--more--><\/p>\n<h2>1. Af\u00e9ra Volkswagenu pr\u00fd neohroz\u00ed \u010deskou ekonomiku<\/h2>\n<p>Po velk\u00e9m skand\u00e1lu kolem n\u011bmeck\u00e9 automobilky Volkswagen se spustila lavina spekulac\u00ed, jestli probl\u00e9my neohroz\u00ed i \u010desk\u00e9 hospod\u00e1\u0159stv\u00ed. \u0160koda Auto je toti\u017e sou\u010d\u00e1st\u00ed koncernu Volkswagen a spolu se sv\u00fdmi subdodavateli tvo\u0159\u00ed 5 a\u017e 6 % n\u00e1rodn\u00edho HDP. Ekonom David Marek v <a href=\"http:\/\/ekonomika.idnes.cz\/rozhovor-s-davidem-markem-o-afere-volkswagenu-foy-\/ekonomika.aspx?c=A150922_164855_eko-zahranicni_rny\" target=\"_blank\" rel=\"noopener noreferrer\">rozhovoru upozornil<\/a>, \u017ee pr\u00e1v\u011b \u0160koda je jedinou firmou, jej\u00ed\u017e propad m\u016f\u017ee ovlivnit \u010deskou ekonomiku jako celek.<\/p>\n<p>\u010ce\u0161t\u00ed subdodavatel\u00e9 \u0160kody jsou podle serveru <a href=\"http:\/\/www.novinky.cz\/ekonomika\/381963-cesti-vyrobci-zatim-dopad-skandalu-s-emisemi-nepocituji.html\" target=\"_blank\" rel=\"noopener noreferrer\">Novinky<\/a> ve st\u0159ehu, ale velk\u00e9 probl\u00e9my neo\u010dek\u00e1vaj\u00ed. Zat\u00edm nezaznamenali \u017e\u00e1dn\u00fd pokles objedn\u00e1vek.<\/p>\n<h2>2. Ceny nafty klesly pod 30 K\u010d<\/h2>\n<p>Dobrou zpr\u00e1vou, kter\u00e1 pot\u011b\u0161\u00ed v\u0161echny podnikatele, je, \u017ee v posledn\u00edch m\u011bs\u00edc\u00edch zlevnily pohonn\u00e9 hmoty. Server <a href=\"http:\/\/ekonomika.idnes.cz\/nafta-v-lete-zlevnila-057-\/test.aspx?c=A150915_132734_ekonomika_chrs\" target=\"_blank\" rel=\"noopener noreferrer\">iDNES<\/a> informoval, \u017ee ceny v pr\u016fm\u011bru klesly o 2,37 koruny za litr. Nejlevn\u011bj\u0161\u00ed nafta byla na konci z\u00e1\u0159\u00ed v Libereck\u00e9m kraji, kde litr st\u00e1l 29,21 korun.<\/p>\n<p>Naopak nejv\u00edc podle <a href=\"http:\/\/www.novinky.cz\/ekonomika\/380209-benzin-je-ted-nejlevnejsi-od-dubna.html\" target=\"_blank\" rel=\"noopener noreferrer\">Novinek<\/a> zaplatili v z\u00e1\u0159\u00ed \u0159idi\u010di na Vyso\u010din\u011b, kde za litr nafty dali 30,47 korun. I p\u0159es v\u0161eobecn\u00fd pokles se nyn\u00ed \u010cesk\u00e1 republika za\u0159adila k zem\u00edm s dra\u017e\u0161\u00ed motorovou naftou.<\/p>\n<h2>3. \u010cNB udr\u017euje oslabenou korunu<\/h2>\n<p>Kv\u016fli sn\u00ed\u017een\u00ed o\u010dek\u00e1van\u00e9ho hospod\u00e1\u0159sk\u00e9ho r\u016fstu \u010c\u00edny a dal\u0161\u00edch rozvojov\u00fdch zem\u00ed bude \u010cesk\u00e1 n\u00e1rodn\u00ed banka d\u00e1l udr\u017eovat oslabenou korunu. Podle <a href=\"http:\/\/ekonomika.idnes.cz\/cnb-muze-uvolnenou-menovou-politiku-udrzovat-dele-f8h-\/ekonomika.aspx?c=A150902_132518_ekonomika_rts\" target=\"_blank\" rel=\"noopener noreferrer\">iDNESu<\/a> toto opat\u0159en\u00ed potrv\u00e1 d\u00e9le ne\u017e banka v srpnu p\u0159edpokl\u00e1dala.<\/p>\n<p>V dal\u0161\u00edm textu <a href=\"http:\/\/ekonomika.idnes.cz\/cnb-pokracuje-v-rezimu-intervenci-sazby-nechala-beze-zmeny-pa9-\/ekonomika.aspx?c=A150924_130647_domaci_rych\" target=\"_blank\" rel=\"noopener noreferrer\">server<\/a> informoval o tom, \u017ee banka pokra\u010duje v devizov\u00fdch intervenc\u00edch s c\u00edlem udr\u017eet hodnotu m\u011bny kolem 27 korun za euro. \u00darokov\u00e9 sazby banka ponechala na historick\u00fdch minimech.<\/p>\n<h2>4. \u010c\u00ed\u0148an\u00e9 v \u010cesku masivn\u011b investuj\u00ed<\/h2>\n<p>\u010c\u00ednskou skupinu CEFC zaujaly firmy v \u010cesku. <a href=\"http:\/\/byznys.ihned.cz\/c1-64688360-cinska-spolecnost-cefc-koupila-prvnich-10-procent-ceskeho-leteckeho-dopravce-travel-service-chce-ziskat-polovinu\" target=\"_blank\" rel=\"noopener noreferrer\">Hospod\u00e1\u0159sk\u00e9 noviny<\/a> p\u0159inesly zpr\u00e1vu, \u017ee z\u00edsk\u00e1 t\u00e9m\u011b\u0159 50% pod\u00edl v leteck\u00e9 spole\u010dnosti Travel Service a investuje i do piva. Spolu s partnery p\u0159evezme 79,4 % v Pivovarech Lobkowicz.<\/p>\n<p>Dokumenty podepsali z\u00e1stupci firem za p\u0159\u00edtomnosti prezidenta Milo\u0161e Zemana, kter\u00fd byl na st\u00e1tn\u00ed n\u00e1v\u0161t\u011bv\u011b \u010c\u00edny. \u010c\u00ed\u0148an\u00e9 se zaj\u00edmaj\u00ed i o \u010desk\u00e1 m\u00e9dia. CEFC se stane strategick\u00fdm partnerem vlastn\u00edka TV Barrandov.<\/p>\n<h2>5. Zam\u011bstnavatel\u00e9 mo\u017en\u00e1 zaplat\u00ed i prvn\u00ed 3 dny nemoci<\/h2>\n<p>Poslanci za KS\u010cM navrhuj\u00ed, aby zam\u011bstnavatel platil zam\u011bstanci n\u00e1hradu mzdy i v karen\u010dn\u00ed dob\u011b &#8211; tedy v prvn\u00edch 3 dnech nemoci. Tato novela z\u00e1kon\u00edku pr\u00e1ce se u\u017e dostala do druh\u00e9ho \u010dten\u00ed. \u00dapravu podle serveru <a href=\"http:\/\/www.podnikatel.cz\/clanky\/podnikatelum-hrozi-ze-budou-muset-zamestnancum-proplacet-prvni-tri-dny-nemoci\/\" target=\"_blank\" rel=\"noopener noreferrer\">Podnikatel.cz<\/a> podpo\u0159ila i \u010d\u00e1st \u010dlen\u016f soci\u00e1ln\u00ed demokracie a \u00dasvitu.<\/p>\n<p>Politici argumentuj\u00ed t\u00edm, \u017ee se pen\u00edze podnikatel\u016fm \u010d\u00e1ste\u010dn\u011b vr\u00e1t\u00ed, proto\u017ee zam\u011bstnanec nebude chodit s nemoc\u00ed do pr\u00e1ce a nehroz\u00ed, \u017ee nakaz\u00ed cel\u00fd kolektiv. Podle odhad\u016f by opat\u0159en\u00ed p\u0159i\u0161lo \u010desk\u00e9 podnikatele na 9 miliard korun.<\/p>\n<h2>6. V \u010cesku p\u0159ib\u00fdv\u00e1 dolarov\u00fdch milion\u00e1\u0159\u016f<\/h2>\n<p>Po\u010det \u010desk\u00fdch dolarov\u00fdch milion\u00e1\u0159\u016f vzrostl o 10 % na rekordn\u00edch 21 400 osob. Zpr\u00e1vu p\u0159inesl server <a href=\"http:\/\/www.mesec.cz\/aktuality\/v-cesku-je-rekordni-pocet-dolarovych-milionaru\/\" target=\"_blank\" rel=\"noopener noreferrer\">M\u011b\u0161ec<\/a>. Na cel\u00e9m sv\u011bt\u011b je skoro 15 milion\u016f milion\u00e1\u0159\u016f.<\/p>\n<p>T\u00e9ma rozpracov\u00e1v\u00e1 t\u00fdden\u00edk <a href=\"http:\/\/www.reflex.cz\/clanek\/zpravy\/66230\/pocet-dolarovych-milionaru-v-cr-stoupl-o-desetinu-mame-jich-ted-21-tisic.html\" target=\"_blank\" rel=\"noopener noreferrer\">Reflex<\/a>, kter\u00fd uv\u00e1d\u00ed, \u017ee v \u010cesku po\u010det dolarov\u00fdch milion\u00e1\u0159\u016f roste v\u00fdrazn\u011b rychleji, ne\u017e je celosv\u011btov\u00fd pr\u016fm\u011br. Vliv na to m\u00e1 r\u016fst HDP, st\u00e1tn\u00ed \u00faspory a r\u016fst cen nemovitost\u00ed.<\/p>\n<h2>\u010cesko hled\u00e1 podnikatele roku<\/h2>\n<p>Poctivost, inovace a \u00fasp\u011bch v zahrani\u010d\u00ed. Takov\u00e1 krit\u00e9ria by m\u011bl spl\u0148ovat n\u00e1stupce lo\u0148sk\u00e9ho v\u00edt\u011bze Koh-i-noor v sout\u011b\u017ei Podnikatel roku. <a href=\"http:\/\/ekonomika.idnes.cz\/podnikatel-roku-nominace-0h2-\/ekonomika.aspx?c=A150904_151639_ekonomika_ven\" target=\"_blank\" rel=\"noopener noreferrer\">\u010cl\u00e1nek iDNESu<\/a> upozor\u0148uje na to, \u017ee firmy je mo\u017en\u00e9 do sout\u011b\u017ee nominovat je\u0161t\u011b cel\u00fd \u0159\u00edjen. Nezkus\u00edte se p\u0159ihl\u00e1sit pr\u00e1v\u011b vy?<\/p>\n<p>Z dal\u0161\u00edho <a href=\"http:\/\/ekonomika.idnes.cz\/ceska-vlada-by-mela-setrit-rikaji-podnikatele-do-politiky-nechteji-103-\/ekonomika.aspx?c=A150929_095934_eko-zahranicni_rts\" target=\"_blank\" rel=\"noopener noreferrer\">textu<\/a> na toto t\u00e9ma vypl\u00fdv\u00e1, \u017ee podnikatel\u00e9 zapojen\u00ed v sout\u011b\u017ei si mysl\u00ed, \u017ee st\u00e1t se m\u00e1 \u0159\u00eddit stejn\u011b jako firma. Vstup do politiky v\u0161ak v\u011bt\u0161ina z nepl\u00e1nuje.<\/p>\n","protected":false},"excerpt":{"rendered":"<p>Uplynul\u00fd m\u011bs\u00edc m\u00e9dia \u0159e\u0161ila hlavn\u011b skand\u00e1l kolem Volkswagenu a to, jestli st\u00e1hne dol\u016f i \u0160kodu Auto. Nem\u011bla by v\u00e1m uniknout ani zpr\u00e1va o tom, jak &#8230;<\/p>\n","protected":false},"author":2,"featured_media":0,"comment_status":"open","ping_status":"closed","sticky":false,"template":"","format":"standard","meta":{"_acf_changed":false,"_searchwp_excluded":"","inline_featured_image":false,"footnotes":""},"categories":[5,14],"tags":[],"class_list":["post-477","post","type-post","status-publish","format-standard","hentry","category-podnikani","category-zpravodajstvi"],"acf":[],"_links":{"self":[{"href":"https:\/\/money.cz\/novinky-a-tipy\/wp-json\/wp\/v2\/posts\/477","targetHints":{"allow":["GET"]}}],"collection":[{"href":"https:\/\/money.cz\/novinky-a-tipy\/wp-json\/wp\/v2\/posts"}],"about":[{"href":"https:\/\/money.cz\/novinky-a-tipy\/wp-json\/wp\/v2\/types\/post"}],"author":[{"embeddable":true,"href":"https:\/\/money.cz\/novinky-a-tipy\/wp-json\/wp\/v2\/users\/2"}],"replies":[{"embeddable":true,"href":"https:\/\/money.cz\/novinky-a-tipy\/wp-json\/wp\/v2\/comments?post=477"}],"version-history":[{"count":2,"href":"https:\/\/money.cz\/novinky-a-tipy\/wp-json\/wp\/v2\/posts\/477\/revisions"}],"predecessor-version":[{"id":5452,"href":"https:\/\/money.cz\/novinky-a-tipy\/wp-json\/wp\/v2\/posts\/477\/revisions\/5452"}],"wp:attachment":[{"href":"https:\/\/money.cz\/novinky-a-tipy\/wp-json\/wp\/v2\/media?parent=477"}],"wp:term":[{"taxonomy":"category","embeddable":true,"href":"https:\/\/money.cz\/novinky-a-tipy\/wp-json\/wp\/v2\/categories?post=477"},{"taxonomy":"post_tag","embeddable":true,"href":"https:\/\/money.cz\/novinky-a-tipy\/wp-json\/wp\/v2\/tags?post=477"}],"curies":[{"name":"wp","href":"https:\/\/api.w.org\/{rel}","templated":true}]}}