{"id":596,"date":"2016-10-04T20:00:00","date_gmt":"2016-10-04T20:00:00","guid":{"rendered":"https:\/\/money2022.localhost\/novinky-a-tipy\/zari-2016-rucni-vyber-klicovych-udalosti-pro-male-stredni-firmy\/"},"modified":"2023-02-01T15:08:43","modified_gmt":"2023-02-01T14:08:43","slug":"zari-2016-rucni-vyber-klicovych-udalosti-pro-male-stredni-firmy","status":"publish","type":"post","link":"https:\/\/money.cz\/novinky-a-tipy\/podnikani\/zari-2016-rucni-vyber-klicovych-udalosti-pro-male-stredni-firmy\/","title":{"rendered":"[Z\u00e1\u0159\u00ed 2016] Ru\u010dn\u00ed v\u00fdb\u011br kl\u00ed\u010dov\u00fdch ud\u00e1lost\u00ed pro mal\u00e9 a st\u0159edn\u00ed firmy"},"content":{"rendered":"<p>V\u011bt\u0161ina e-shop\u016f se k z\u00e1kazn\u00edk\u016fm nechov\u00e1 f\u00e9rov\u011b. Zam\u011bstnanc\u016fm rostou platy, ale pokud si cht\u011bj\u00ed vyd\u011blan\u00e9 koruny sm\u011bnit za eura, je\u0161t\u011b n\u011bjakou dobu si kv\u016fli intervenc\u00edm \u010cNB p\u0159iplat\u00ed. V r\u00e1mci z\u00e1\u0159ijov\u00fdch novinek si p\u0159e\u010dt\u011bte i chystan\u00e9 zm\u011bny z\u00e1kon\u016f pro zam\u011bstnavatele. <\/p>\n<p style=\"margin-top:0;\"><img decoding=\"async\" src=\"https:\/\/money.cz\/novinky-a-tipy\/wp-content\/uploads\/sites\/2\/2022\/01\/monthlyreport_money_09-2-1.png\" alt=\"monthlyreport_money_09\" width=\"635\" class=\"aligncenter size-large wp-image-39904\" \/><\/p>\n<h2>1. V\u011bt\u0161ina e-shop\u016f podle \u010cOI pou\u017e\u00edv\u00e1 nekal\u00e9 praktiky<\/h2>\n<p>Jak uv\u00e1d\u00ed internetov\u00e1 verze <a href=\"http:\/\/byznys.ihned.cz\/podnikani\/c1-65450450-naprosta-vetsina-e-shopu-nedodrzuje-zakon-inspekce-udelila-pokuty-za-1-5-milionu-korun\" target=\"_blank\" rel=\"noopener noreferrer\">Hospod\u00e1\u0159sk\u00fdch novin<\/a>, \u010cesk\u00e1 obchodn\u00ed inspekce provedla ve druh\u00e9m \u010dtvrtlet\u00ed <strong>317 kontrol<\/strong> e-shop\u016f a <strong>poru\u0161en\u00ed p\u0159edpis\u016f zjistili ve 272 p\u0159\u00edpadech<\/strong>. To je v\u00edce ne\u017e 85 %. V\u011bt\u0161ina z provinil\u00fdch pou\u017e\u00edvala nekal\u00e9 a klamav\u00e9 obchodn\u00ed praktiky. Obchodn\u00edk\u016fm \u010cOI vym\u011b\u0159ila <strong>pokuty celkem za 1,5 milionu korun<\/strong>.<\/p>\n<p>Server <a href=\"http:\/\/www.podnikatel.cz\/clanky\/coika-si-posvitila-na-e-shopy-kontroly-dopadly-spatne\/\" target=\"_blank\" rel=\"noopener noreferrer\">Podnikatel.cz<\/a> p\u0159id\u00e1v\u00e1 informaci, \u017ee <strong>nejv\u00edce probl\u00e9mov\u00e9 e-shopy<\/strong> jsou podle kontrol <strong>v Plze\u0148sk\u00e9m a Karlovarsk\u00e9m kraji<\/strong>. Nejf\u00e9rov\u011bj\u0161\u00ed internetov\u00ed obchodn\u00edci jsou naopak v Praze. <\/p>\n<h2>2. Konec intervenc\u00ed \u010cNB je v nedohlednu <\/h2>\n<p>Guvern\u00e9r \u010cesk\u00e9 n\u00e1rodn\u00ed banky Ji\u0159\u00ed Rusnok podle serveru <a href=\"http:\/\/ekonomika.idnes.cz\/intervence-cnb-euro-04a-\/ekonomika.aspx?c=A160929_175435_ekonomika_rny\" target=\"_blank\" rel=\"noopener noreferrer\">iDNES.cz<\/a> prohl\u00e1sil, \u017ee <strong>neukon\u010d\u00ed devizov\u00e9 intervence<\/strong> p\u0159ed druh\u00fdm \u010dtvrtlet\u00edm roku 2017. Bank\u00e9\u0159i tak minim\u00e1ln\u011b do p\u0159\u00ed\u0161t\u00edho l\u00e9ta budou um\u011ble oslabovat korunu tak, aby v\u00fdrazn\u011b nep\u0159ekro\u010dila <strong>hranici 27 K\u010d za euro<\/strong>. <\/p>\n<p>D\u016fvod\u016f je n\u011bkolik. Jedn\u00edm z nich je pumpov\u00e1n\u00ed pen\u011bz do ekonomiky Evropskou centr\u00e1ln\u00ed bankou. Pokud bude nad\u00e1le pokra\u010dovat, znamen\u00e1, to \u017ee se evropsk\u00e9mu hospod\u00e1\u0159stv\u00ed nevede p\u0159\u00edli\u0161 dob\u0159e a <strong>vytou\u017een\u00e1 inflace kolem 2&nbsp;%<\/strong> je v nedohlednu. P\u0159e\u010dt\u011bte si ofici\u00e1ln\u00ed <a href=\"http:\/\/www.cnb.cz\/cs\/menova_politika\/br_zapisy_z_jednani\/2016\/160929_prohlaseni.html\" target=\"_blank\" rel=\"noopener noreferrer\">prohl\u00e1\u0161en\u00ed bankovn\u00ed rady<\/a>.<\/p>\n<h2>3. Pr\u016fm\u011brn\u00fd plat meziro\u010dn\u011b vzrostl o 1019 K\u010d<\/h2>\n<p><a href=\"http:\/\/ekonomika.idnes.cz\/prumerna-hruba-mesicni-mzda-dosahla-ve-druhem-ctvrtleti-27-297-korun-1cg-\/ekonomika.aspx?c=A160905_093006_ekonomika_nio\" target=\"_blank\" rel=\"noopener noreferrer\">iDnes.cz<\/a> informuje, \u017ee mzda se v \u010cesk\u00e9 republice za uplynul\u00fd rok <strong>zvedla o 3,7&nbsp;%<\/strong> (po ode\u010dten\u00ed inflace) a dos\u00e1hla tak na <strong>27 297 K\u010d<\/strong>. Platy nahoru tla\u010dil p\u0159edev\u0161\u00edm nedostatek kvalifikovan\u00fdch pracovn\u00edch sil. <\/p>\n<p>V\u00edce o platov\u00fdch podm\u00ednk\u00e1ch v \u010cR vypov\u00edd\u00e1 tzv. <strong>medi\u00e1n<\/strong>, kter\u00fd ukazuje mzdu \u201cprost\u0159edn\u00edho zam\u011bstnance\u201d. Tato hodnota je tak o\u010di\u0161t\u011bna od extr\u00e9m\u016f. Ve druh\u00e9m \u010dtvrtlet\u00ed byl medi\u00e1n podle <a href=\"https:\/\/www.czso.cz\/documents\/10180\/32853319\/cpmz090516_analyza.pdf\/ab6d30ce-6684-49f6-9b43-8733524cbbfb?version=1.0\" target=\"_blank\" rel=\"noopener noreferrer\">\u010cesk\u00e9ho statistick\u00e9ho \u00fa\u0159adu<\/a> <strong>23 047 K\u010d, co\u017e je 4,5% n\u00e1r\u016fst<\/strong>.  <\/p>\n<h2>4. V roce 2017 \u010dek\u00e1 zam\u011bstnavatele \u0159ada legislativn\u00edch novinek<\/h2>\n<p>Server <a href=\"http:\/\/www.podnikatel.cz\/clanky\/pripravovana-smrst-legislativnich-novinek-pro-zamestnavatele\/\" target=\"_blank\" rel=\"noopener noreferrer\">Podnikatel.cz<\/a> p\u0159ipravil <strong>souhrn v\u0161ech chystan\u00fdch zm\u011bn<\/strong> v z\u00e1konech t\u00fdkaj\u00edc\u00edch se vztahu zam\u011bstnavatel &#8211; zam\u011bstnanec. Krom\u011b o\u010dek\u00e1van\u00e9ho zv\u00fd\u0161en\u00ed minim\u00e1ln\u00ed mzdy se o\u010dek\u00e1vaj\u00ed i dal\u0161\u00ed d\u016fle\u017eit\u00e9 zm\u011bny. <\/p>\n<p>Novela z\u00e1kon\u00edku pr\u00e1ce mimo jin\u00e9 uprav\u00ed institut vrcholov\u00fdch \u0159\u00edd\u00edc\u00edch zam\u011bstnanc\u016f, nerovnom\u011brn\u011b rozvr\u017eenou pracovn\u00ed dobu nebo t\u0159eba dohody konan\u00e9 mimo pracovn\u00ed pom\u011br. Dal\u0161\u00ed novinkou bude, \u017ee podle z\u00e1kona o nemocensk\u00e9m poji\u0161t\u011bn\u00ed <strong>nebude zam\u011bstnavatel nad\u00e1le povinen platit n\u00e1hradu mzdy za prvn\u00ed t\u0159i dny nemoci<\/strong>. Zm\u011bny \u010dekaj\u00ed i z\u00e1kon o dan\u00edch z p\u0159\u00edjm\u016f, tou nejv\u011bt\u0161\u00ed bude <a href=\"http:\/\/www.podnikatel.cz\/clanky\/srazkova-dan-se-od-pristiho-roku-zmeni-nebude-bez-komplikaci\/\" target=\"_blank\" rel=\"noopener noreferrer\">roz\u0161\u00ed\u0159en\u00ed p\u0159\u00edjm\u016f zdan\u011bn\u00fdch sr\u00e1\u017ekovou dan\u00ed<\/a>.<\/p>\n<h2>5. K EET se p\u0159ihl\u00e1silo pouze asi 10 % podnikatel\u016f<\/h2>\n<p>Podle serveru <a href=\"http:\/\/byznys.ihned.cz\/podnikani\/c1-65455870-o-prihlasovanici-udaje-k-eet-se-prihlasilo-4600-podnikatelu-na-90-procent-tech-kterych-se-povinnost-tyka-zatim-ceka\" target=\"_blank\" rel=\"noopener noreferrer\">iHNED.cz<\/a> si o p\u0159ihla\u0161ovac\u00ed \u00fadaje k elektronick\u00e9 evidenci tr\u017eeb <strong>zat\u00edm za\u017e\u00e1dalo pouze 4 600 \u017eivnostn\u00edk\u016f<\/strong>. EET se p\u0159itom t\u00fdk\u00e1 zhruba desetin\u00e1sobn\u00e9ho po\u010dtu.Registra\u010dn\u00ed \u00fadaje p\u0159id\u011bluje finan\u010dn\u00ed spr\u00e1va od 1. z\u00e1\u0159\u00ed.<\/p>\n<p>V\u011bt\u0161ina podnikatel\u016f tedy zat\u00edm vy\u010dk\u00e1v\u00e1. Jak ale p\u00ed\u0161e server <a href=\"http:\/\/www.podnikatel.cz\/clanky\/pripravy-na-eet-uz-neodkladejte-zbyvajici-dva-mesice-uz-by-nemusely-stacit\/\" target=\"_blank\" rel=\"noopener noreferrer\">Podnikatel.cz<\/a>, \u010dek\u00e1n\u00ed se nemus\u00ed vyplatit. Mohou nastat komplikace a nejasnosti nebo ne\u010dekan\u00e9 probl\u00e9my t\u0159eba s p\u0159ipojen\u00edm k internetu. Podnikatel\u00e9 si svou p\u0159ipravenost budou moci ov\u011b\u0159it <strong>v testovac\u00edm provozu od 1. listopadu<\/strong>. Je tedy vhodn\u00e9 se do t\u00e9 doby vybavit pot\u0159ebnou technikou a softwarem.<\/p>\n","protected":false},"excerpt":{"rendered":"<p>V\u011bt\u0161ina e-shop\u016f se k z\u00e1kazn\u00edk\u016fm nechov\u00e1 f\u00e9rov\u011b. Zam\u011bstnanc\u016fm rostou platy, ale pokud si cht\u011bj\u00ed vyd\u011blan\u00e9 koruny sm\u011bnit za eura, je\u0161t\u011b n\u011bjakou dobu si kv\u016fli intervenc\u00edm &#8230;<\/p>\n","protected":false},"author":2,"featured_media":597,"comment_status":"open","ping_status":"closed","sticky":false,"template":"","format":"standard","meta":{"_acf_changed":false,"_searchwp_excluded":"","inline_featured_image":false,"footnotes":""},"categories":[5,14],"tags":[59,60,117],"class_list":["post-596","post","type-post","status-publish","format-standard","has-post-thumbnail","hentry","category-podnikani","category-zpravodajstvi","tag-e-shop","tag-elektronicka-evidence-trzeb-eet","tag-zakony"],"acf":[],"_links":{"self":[{"href":"https:\/\/money.cz\/novinky-a-tipy\/wp-json\/wp\/v2\/posts\/596","targetHints":{"allow":["GET"]}}],"collection":[{"href":"https:\/\/money.cz\/novinky-a-tipy\/wp-json\/wp\/v2\/posts"}],"about":[{"href":"https:\/\/money.cz\/novinky-a-tipy\/wp-json\/wp\/v2\/types\/post"}],"author":[{"embeddable":true,"href":"https:\/\/money.cz\/novinky-a-tipy\/wp-json\/wp\/v2\/users\/2"}],"replies":[{"embeddable":true,"href":"https:\/\/money.cz\/novinky-a-tipy\/wp-json\/wp\/v2\/comments?post=596"}],"version-history":[{"count":5,"href":"https:\/\/money.cz\/novinky-a-tipy\/wp-json\/wp\/v2\/posts\/596\/revisions"}],"predecessor-version":[{"id":9669,"href":"https:\/\/money.cz\/novinky-a-tipy\/wp-json\/wp\/v2\/posts\/596\/revisions\/9669"}],"wp:featuredmedia":[{"embeddable":true,"href":"https:\/\/money.cz\/novinky-a-tipy\/wp-json\/wp\/v2\/media\/597"}],"wp:attachment":[{"href":"https:\/\/money.cz\/novinky-a-tipy\/wp-json\/wp\/v2\/media?parent=596"}],"wp:term":[{"taxonomy":"category","embeddable":true,"href":"https:\/\/money.cz\/novinky-a-tipy\/wp-json\/wp\/v2\/categories?post=596"},{"taxonomy":"post_tag","embeddable":true,"href":"https:\/\/money.cz\/novinky-a-tipy\/wp-json\/wp\/v2\/tags?post=596"}],"curies":[{"name":"wp","href":"https:\/\/api.w.org\/{rel}","templated":true}]}}