{"id":701,"date":"2017-11-05T22:00:00","date_gmt":"2017-11-05T22:00:00","guid":{"rendered":"https:\/\/money2022.localhost\/novinky-a-tipy\/rijen-2017-rucni-vyber-klicovych-udalosti-pro-male-a-stredni-firmy\/"},"modified":"2023-02-01T15:08:30","modified_gmt":"2023-02-01T14:08:30","slug":"rijen-2017-rucni-vyber-klicovych-udalosti-pro-male-a-stredni-firmy","status":"publish","type":"post","link":"https:\/\/money.cz\/novinky-a-tipy\/podnikani\/rijen-2017-rucni-vyber-klicovych-udalosti-pro-male-a-stredni-firmy\/","title":{"rendered":"[\u0158\u00edjen 2017] Ru\u010dn\u00ed v\u00fdb\u011br kl\u00ed\u010dov\u00fdch ud\u00e1lost\u00ed pro mal\u00e9 a st\u0159edn\u00ed firmy"},"content":{"rendered":"<p>Volby pr\u00fd pro podnikatele dopadly dob\u0159e. Za p\u0159edpokladu, \u017ee se Andreji Babi\u0161ovi poda\u0159\u00ed sestavit vl\u00e1du. I naproti tomu v\u0161ak za prvn\u00edch 8 m\u011bs\u00edc\u016f roku 2017 zaniklo nejv\u00edc firem v historii. \u010ct\u011bte nejzaj\u00edmav\u011bj\u0161\u00ed novinky z podnik\u00e1n\u00ed za posledn\u00ed m\u011bs\u00edc.<\/p>\n<p><!--more--><\/p>\n<p><img loading=\"lazy\" decoding=\"async\" class=\"aligncenter size-single-post-thumb wp-image-46039\" src=\"https:\/\/money.cz\/novinky-a-tipy\/wp-content\/uploads\/sites\/2\/2022\/01\/bannery_kalendare_money_fb_10-2-1.png\" alt=\"Bannery_kalendare_Money_FB_10\" width=\"635\" height=\"332\" \/><\/p>\n<h2>1.\u00a0 Volby dopadly dob\u0159e. Podle agentury Moody\u00b4s<\/h2>\n<p>Pro podnikatele je <strong>v\u00edt\u011bzstv\u00ed ANO<\/strong> (za p\u0159edpokladu, \u017ee sestav\u00ed vl\u00e1du) ve volb\u00e1ch dobrou zpr\u00e1vou. Alespo\u0148 to tvrd\u00ed ratingov\u00e1 agentura Moody\u00b4s. Jak informuje port\u00e1l <a href=\"http:\/\/byznys.ihned.cz\/podnikani\/c1-65925820-vysledek-voleb-v-cesku-je-priznivy-pro-rozpocet-a-podnikani-tvorba-koalice-bude-zdlouhava-tvrdi-agentura-moody-s\" target=\"_blank\" rel=\"noopener noreferrer\">ihned.cz<\/a>, analytici o\u010dek\u00e1vaj\u00ed, \u017ee p\u0159ijde boj s da\u0148ov\u00fdmi \u00faniky, zefektivn\u011bn\u00ed \u010dinnosti st\u00e1tn\u00ed spr\u00e1vy \u010di zlep\u0161en\u00ed v\u00fdb\u011bru dan\u00ed.<\/p>\n<p>Podnikatel\u00e9 se pak podle <strong>Moody\u00b4s<\/strong> mohou t\u011b\u0161it na sn\u00ed\u017een\u00ed byrokracie a celkovou v\u011bt\u0161\u00ed vst\u0159\u00edcnost k podnikatelsk\u00e9mu sektoru. Agentura tak\u00e9 po\u010d\u00edt\u00e1 s proevropsk\u00fdm postojem budouc\u00ed vl\u00e1dy, co\u017e by m\u011blo p\u0159iv\u00e9st do rozpo\u010dtu dal\u0161\u00ed pen\u00edze z evropsk\u00fdch fond\u016f.<\/p>\n<h2>2.\u00a0 V srpnu zaniklo nejv\u00edce firem v historii \u010ceska<\/h2>\n<p>Do srpna leto\u0161n\u00edho roku sice vzniklo v \u010cR <strong>22 000<\/strong> nov\u00fdch obchodn\u00edch spole\u010dnost\u00ed, ale <strong>7 600<\/strong> jich zase zaniklo. V srpnu pak zaniklo nejv\u00edc firem v historii samostatn\u00e9 \u010cesk\u00e9 republiky. Statistiky z \u010cTK tlumo\u010dil server <a href=\"http:\/\/byznys.ihned.cz\/podnikani\/c1-65904130-v-srpnu-zaniklo-zaniklo-nejvice-firem-v-historii-ceska-pocet-novych-obchodnich-spolecnosti-se-nezvysuje-tak-rychle-jako-driv\" target=\"_blank\" rel=\"noopener noreferrer\">ihned.cz<\/a>.<\/p>\n<p>&#8222;V posledn\u00edch letech sledujeme zvy\u0161uj\u00edc\u00ed se z\u00e1jem o podnik\u00e1n\u00ed v sektorech vy\u017eaduj\u00edc\u00edch vysokou m\u00edru vzd\u011bl\u00e1n\u00ed a odborn\u00fdch znalost\u00ed. V posledn\u00ed dob\u011b jde o velmi dynamicky se rozv\u00edjej\u00edc\u00ed sektor \u010desk\u00e9 ekonomiky,&#8220; upozornila analyti\u010dka Kamen\u00ed\u010dkov\u00e1 ze spole\u010dnosti CRIF.<\/p>\n<h2>3.\u00a0 Zm\u011bny v zam\u011bstn\u00e1v\u00e1n\u00ed lid\u00ed z \u00fa\u0159adu pr\u00e1ce<\/h2>\n<p>Pokud jste hledali zam\u011bstnance na \u00fa\u0159ad\u011b pr\u00e1ce a d\u00e1vali jim p\u0159\u00edle\u017eitost formou dohody o proveden\u00ed pr\u00e1ce, nov\u011b mus\u00edte s takov\u00fdmi lidmi uzav\u0159\u00edt dohodu o pracovn\u00ed \u010dinnosti. Jak informuje server <a href=\"http:\/\/www.podnikatel.cz\/clanky\/pozor-na-aktualni-zmeny-u-prace-na-dohodu-vite-koho-presne-se-tykaji\/\" target=\"_blank\" rel=\"noopener noreferrer\">Podnikatel.cz<\/a>, pokud mzda p\u0159esahuje 2 500 K\u010d m\u011bs\u00ed\u010dn\u011b, mus\u00edte za takov\u00e9ho zam\u011bstnance odv\u00e1d\u011bt i zdravotn\u00ed poji\u0161t\u011bn\u00ed.<\/p>\n<p>Na z\u00e1klad\u011b novely z\u00e1kona o zam\u011bstnanosti jsou tyto zm\u011bny \u00fa\u010dinn\u00e9 od 1. \u0159\u00edjna 2017. Zam\u011bstnanci, kte\u0159\u00ed si smlouvu nep\u0159evedli na dohodu o pracovn\u00ed \u010dinnosti, mohou p\u0159ij\u00edt o n\u00e1rok na st\u00e1tn\u00ed podporu v nezam\u011bstnanosti.<\/p>\n<h2>4.\u00a0 Skoro 16 milion\u016f. Pokuty za chyby v EET st\u00e1le rostou.<\/h2>\n<p>Za \u0161patn\u00e9 elektronick\u00e9 evidov\u00e1n\u00ed tr\u017eeb u\u017e finan\u010dn\u00ed a celn\u00ed spr\u00e1va \u010cR ud\u011blily pokuty v celkov\u00e9 v\u00fd\u0161i 15\u00a0 928 800 K\u010d. Podle informac\u00ed finan\u010dn\u00ed spr\u00e1vy, kter\u00e9 zve\u0159ejnil server <a href=\"http:\/\/www.podnikatel.cz\/clanky\/pokuty-u-eet-dosahly-az-16-milionu-kc-tisice-podnikatelu-pokuta-jeste-ceka\/\" target=\"_blank\" rel=\"noopener noreferrer\">Podnikatel.cz<\/a>, dosud \u00fa\u0159edn\u00edci ud\u011blili nejvy\u0161\u0161\u00ed jednotlivou pokutu ve v\u00fd\u0161i 150 000 K\u010d a tak\u00e9 do\u010dasn\u011b zav\u0159eli 8 provozoven.<\/p>\n<p>Nejste jist\u00ed, \u017ee by v\u00e1\u0161 podnik p\u0159ed kontrolory obst\u00e1l? <a href=\"https:\/\/eet.money.cz\/blog\/obstojite-pred-kontrolory-otestujte-si-sve-znalosti-eet\" target=\"_blank\" rel=\"noopener noreferrer\">Otestujte si<\/a>, jak se vyzn\u00e1te v situac\u00edch, do kter\u00fdch se m\u016f\u017eete b\u011b\u017en\u011b dostat.<\/p>\n<h2>5.\u00a0 \u00a0Na pracovn\u00edm trhu chyb\u00ed a\u017e 200 000 lid\u00ed<\/h2>\n<p>Jak p\u00ed\u0161e server <a href=\"http:\/\/www.businessinfo.cz\/cs\/clanky\/zamestnancu-je-nedostatek-ktere-profese-nejcasteji-meni-zamestnavatele-96186.html\" target=\"_blank\" rel=\"noopener noreferrer\">businessinfo.cz<\/a>, nedostatek pracovn\u00edch sil v \u010cesku p\u0159etrv\u00e1v\u00e1 a firmy se p\u0159etahuj\u00ed o \u017e\u00e1dan\u00e9 profese. Nej\u010dast\u011bji chyb\u00ed person\u00e1l nemocnic, d\u011blnick\u00e9 profese, kucha\u0159i nebo oper\u00e1to\u0159i v\u00fdroby. M\u00e1lo je v\u0161ak tak\u00e9 t\u0159eba IT specialist\u016f.<\/p>\n<p>P\u0159etahovan\u00e1 o pracovn\u00ed s\u00edly vede k \u010d\u00edm d\u00e1l t\u00edm vy\u0161\u0161\u00ed fluktuaci. Za posledn\u00edch 6 m\u011bs\u00edc\u016f zm\u011bnilo zam\u011bstn\u00e1n\u00ed 17 % lid\u00ed. Podle <a href=\"http:\/\/amsp.cz\/nedostatek-kvalifikovanych-zamestnancu-na-ceskem-trhu-prace\/\" target=\"_blank\" rel=\"noopener noreferrer\">Asociace mal\u00fdch a st\u0159edn\u00edch podnik\u016f<\/a> se v\u00edc ne\u017e p\u011btina firem v \u010cesku pot\u00fdk\u00e1 s nedostatkem kvalifikovan\u00fdch odborn\u00edk\u016f.<\/p>\n","protected":false},"excerpt":{"rendered":"<p>Volby pr\u00fd pro podnikatele dopadly dob\u0159e. Za p\u0159edpokladu, \u017ee se Andreji Babi\u0161ovi poda\u0159\u00ed sestavit vl\u00e1du. I naproti tomu v\u0161ak za prvn\u00edch 8 m\u011bs\u00edc\u016f roku 2017 &#8230;<\/p>\n","protected":false},"author":2,"featured_media":702,"comment_status":"open","ping_status":"closed","sticky":false,"template":"","format":"standard","meta":{"_acf_changed":false,"_searchwp_excluded":"","inline_featured_image":false,"footnotes":""},"categories":[5,14],"tags":[60],"class_list":["post-701","post","type-post","status-publish","format-standard","has-post-thumbnail","hentry","category-podnikani","category-zpravodajstvi","tag-elektronicka-evidence-trzeb-eet"],"acf":[],"_links":{"self":[{"href":"https:\/\/money.cz\/novinky-a-tipy\/wp-json\/wp\/v2\/posts\/701","targetHints":{"allow":["GET"]}}],"collection":[{"href":"https:\/\/money.cz\/novinky-a-tipy\/wp-json\/wp\/v2\/posts"}],"about":[{"href":"https:\/\/money.cz\/novinky-a-tipy\/wp-json\/wp\/v2\/types\/post"}],"author":[{"embeddable":true,"href":"https:\/\/money.cz\/novinky-a-tipy\/wp-json\/wp\/v2\/users\/2"}],"replies":[{"embeddable":true,"href":"https:\/\/money.cz\/novinky-a-tipy\/wp-json\/wp\/v2\/comments?post=701"}],"version-history":[{"count":5,"href":"https:\/\/money.cz\/novinky-a-tipy\/wp-json\/wp\/v2\/posts\/701\/revisions"}],"predecessor-version":[{"id":9656,"href":"https:\/\/money.cz\/novinky-a-tipy\/wp-json\/wp\/v2\/posts\/701\/revisions\/9656"}],"wp:featuredmedia":[{"embeddable":true,"href":"https:\/\/money.cz\/novinky-a-tipy\/wp-json\/wp\/v2\/media\/702"}],"wp:attachment":[{"href":"https:\/\/money.cz\/novinky-a-tipy\/wp-json\/wp\/v2\/media?parent=701"}],"wp:term":[{"taxonomy":"category","embeddable":true,"href":"https:\/\/money.cz\/novinky-a-tipy\/wp-json\/wp\/v2\/categories?post=701"},{"taxonomy":"post_tag","embeddable":true,"href":"https:\/\/money.cz\/novinky-a-tipy\/wp-json\/wp\/v2\/tags?post=701"}],"curies":[{"name":"wp","href":"https:\/\/api.w.org\/{rel}","templated":true}]}}